{"id":5514,"date":"2020-11-12T20:57:09","date_gmt":"2020-11-12T23:57:09","guid":{"rendered":"https:\/\/tvc16.com\/portal\/?p=5514"},"modified":"2020-11-12T20:57:12","modified_gmt":"2020-11-12T23:57:12","slug":"pneumonia-segue-como-principal-causa-de-morte-de-criancas-no-pais","status":"publish","type":"post","link":"https:\/\/tvc16.com\/portal\/2020\/11\/12\/pneumonia-segue-como-principal-causa-de-morte-de-criancas-no-pais\/","title":{"rendered":"Pneumonia segue como principal causa de morte de crian\u00e7as no pa\u00eds"},"content":{"rendered":"\n<h2 class=\"wp-block-heading\">Sociedade alerta para import\u00e2ncia da preven\u00e7\u00e3o da doen\u00e7a<\/h2>\n\n\n\n<p>No dia em que se celebra o Dia Mundial de Combate \u00e0 Pneumonia, a Sociedade Brasileira de Pneumologia e Tisiologia (SBPT) alerta para a import\u00e2ncia da preven\u00e7\u00e3o da doen\u00e7a, que segue sendo a principal causa de morte em crian\u00e7as de at\u00e9 5 anos de idade.<img decoding=\"async\" src=\"https:\/\/agenciabrasil.ebc.com.br\/ebc.png?id=1393031&amp;o=node\"><img decoding=\"async\" src=\"https:\/\/agenciabrasil.ebc.com.br\/ebc.gif?id=1393031&amp;o=node\"><\/p>\n\n\n\n<p>Segundo a entidade, embora a taxa de mortalidade da pneumonia tenha tido uma redu\u00e7\u00e3o de 25,5% entre 1990 e 2015, a quantidade de interna\u00e7\u00f5es e o alto custo do tratamento ainda s\u00e3o desafios para a sa\u00fade p\u00fablica e a sociedade como um todo.<\/p>\n\n\n\n<p>\u201cEntre janeiro e agosto deste ano, 417.924 pacientes foram hospitalizados por causa de pneumonia no Brasil, totalizando gastos totais de mais de R$ 378 milh\u00f5es com servi\u00e7os hospitalares. No mesmo per\u00edodo do ano passado, foram 430.077 interna\u00e7\u00f5es, de acordo com informa\u00e7\u00f5es do Datasus\u201d, disse a SBPT.<\/p>\n\n\n\n<p><a href=\"https:\/\/data.unicef.org\/topic\/child-health\/pneumonia\/\" target=\"_blank\" rel=\"noreferrer noopener\">Dados do DataUnicef<\/a>, ligado ao Fundo das Na\u00e7\u00f5es Unidas para a Inf\u00e2ncia (Unicef), tamb\u00e9m alertam para os riscos da doen\u00e7a que \u00e9 a maior causa de morte por doen\u00e7a infecciosa de adultos e crian\u00e7as, sendo respons\u00e1vel pela morte mais de 802 mil crian\u00e7as com at\u00e9 cinco anos, em 2018, em todo o mundo. A entidade chama aten\u00e7\u00e3o para o fato de que, no mundo, a cada 39 segundos morre uma crian\u00e7a v\u00edtima de pneumonia.<\/p>\n\n\n\n<h2 class=\"wp-block-heading\">A doen\u00e7a<\/h2>\n\n\n\n<p>A pneumonia \u00e9 uma doen\u00e7a inflamat\u00f3ria aguda que acomete os pulm\u00f5es e pode ser provocada por bact\u00e9rias, v\u00edrus, fungos ou pela inala\u00e7\u00e3o de produtos t\u00f3xicos. O Streptococcus pneumoniae \u00e9 o agente causador em 60% dos casos. As principais manifesta\u00e7\u00f5es cl\u00ednicas da doen\u00e7a s\u00e3o tosse com produ\u00e7\u00e3o de expectora\u00e7\u00e3o; dor tor\u00e1cica, que piora com os movimentos respirat\u00f3rios; mal-estar geral; falta de ar e febre.<\/p>\n\n\n\n<p>Al\u00e9m disso, quadros de resfriado comum e gripe podem se agravar e contribuir para o desenvolvimento da pneumonia causada por bact\u00e9rias.<\/p>\n\n\n\n<p>A integrante da Comiss\u00e3o Cient\u00edfica de Infec\u00e7\u00f5es Respirat\u00f3rias da SBPT pneumologista Rosemeire Maurici da Silva lembra que a qualquer sinal desses sintomas a pessoa deve procurar um m\u00e9dico.<\/p>\n\n\n\n<p>\u201cDevemos ficar atentos para os sinais e sintomas e procurar aux\u00edlio m\u00e9dico precocemente, principalmente no caso de pacientes que apresentam maior risco de complica\u00e7\u00f5es e de morte, como crian\u00e7as e idosos, al\u00e9m de portadores de outras doen\u00e7as cr\u00f4nicas ou situa\u00e7\u00f5es em que ocorre defici\u00eancia do sistema imunol\u00f3gico\u201d, disse Rosemeire.<\/p>\n\n\n\n<h2 class=\"wp-block-heading\">Recomenda\u00e7\u00f5es<\/h2>\n\n\n\n<p>As principais recomenda\u00e7\u00f5es da SBPT para prevenir a pneumonia s\u00e3o lavar as m\u00e3os com frequ\u00eancia; n\u00e3o fumar; n\u00e3o usar bebidas alco\u00f3licas; evitar aglomera\u00e7\u00f5es e se vacinar. No Brasil, a vacina\u00e7\u00e3o contra a doen\u00e7a \u00e9 oferecida pelo Sistema \u00danico de Sa\u00fade (SUS) de forma gratuita.<\/p>\n\n\n\n<p>Algumas das popula\u00e7\u00f5es priorit\u00e1rias para a vacina\u00e7\u00e3o s\u00e3o os adultos com idade igual ou superior a 60 anos, portadores de doen\u00e7as cr\u00f4nicas, indiv\u00edduos em situa\u00e7\u00e3o de imunossupress\u00e3o, gestantes, residentes em lares de idosos, profissionais da sa\u00fade, cuidadores de crian\u00e7as, ind\u00edgenas, popula\u00e7\u00e3o carcer\u00e1ria, tabagistas e portadores de asma.<\/p>\n\n\n\n<p>Al\u00e9m da pneumonia, o SUS garante o acesso gratuito a 19 vacinas, que protegem contra mais de 40 doen\u00e7as, entre elas doen\u00e7as infecciosas como a poliomielite, meningite, difteria, t\u00e9tano, coqueluche, sarampo, caxumba, rub\u00e9ola, hepatites virais, gripe, tuberculose, febre amarela, entre outras.<\/p>\n\n\n\n<h2 class=\"wp-block-heading\">Covid-19<\/h2>\n\n\n\n<p>A pandemia do novo coronav\u00edrus (covid-19) tamb\u00e9m \u00e9 um fator a mais de preocupa\u00e7\u00e3o. O Minist\u00e9rio da Sa\u00fade (MS) ressalta a necessidade de se trabalhar para aumentar o acesso ao oxig\u00eanio medicinal.<\/p>\n\n\n\n<p>\u201cO oxig\u00eanio sempre foi um rem\u00e9dio essencial e a covid-19 est\u00e1 mostrando ao mundo o quanto ele \u00e9 importante\u201d, disse o minist\u00e9rio.<\/p>\n\n\n\n<p>De acordo com o Minist\u00e9rio da Sa\u00fade, em todo o mundo a covid-19 pode provocar um aumento das mortes por pneumonia por &#8220;todas as causas&#8221; em mais de 75%.<\/p>\n\n\n\n<p>\u201cEstima-se que as interrup\u00e7\u00f5es do atendimento nos servi\u00e7os de sa\u00fade, por conta da pandemia, possam causar at\u00e9 2,3 milh\u00f5es mortes infantis adicionais &#8211; 35% delas por pneumonia e sepse neonatal\u201d, alerta o minist\u00e9rio.<\/p>\n\n\n\n<p>Por Luciano Nascimento &#8211; Rep\u00f3rter da Ag\u00eancia Brasil &#8211; Bras\u00edlia<\/p>\n\n\n\n<p>Edi\u00e7\u00e3o: Fernando Fraga<\/p>\n","protected":false},"excerpt":{"rendered":"<p>Sociedade alerta para import\u00e2ncia da preven\u00e7\u00e3o da doen\u00e7a No dia em que se celebra o<\/p>\n","protected":false},"author":2,"featured_media":5515,"comment_status":"open","ping_status":"open","sticky":false,"template":"","format":"standard","meta":{"footnotes":""},"categories":[13],"tags":[],"class_list":["post-5514","post","type-post","status-publish","format-standard","has-post-thumbnail","hentry","category-saude"],"_links":{"self":[{"href":"https:\/\/tvc16.com\/portal\/wp-json\/wp\/v2\/posts\/5514","targetHints":{"allow":["GET"]}}],"collection":[{"href":"https:\/\/tvc16.com\/portal\/wp-json\/wp\/v2\/posts"}],"about":[{"href":"https:\/\/tvc16.com\/portal\/wp-json\/wp\/v2\/types\/post"}],"author":[{"embeddable":true,"href":"https:\/\/tvc16.com\/portal\/wp-json\/wp\/v2\/users\/2"}],"replies":[{"embeddable":true,"href":"https:\/\/tvc16.com\/portal\/wp-json\/wp\/v2\/comments?post=5514"}],"version-history":[{"count":1,"href":"https:\/\/tvc16.com\/portal\/wp-json\/wp\/v2\/posts\/5514\/revisions"}],"predecessor-version":[{"id":5516,"href":"https:\/\/tvc16.com\/portal\/wp-json\/wp\/v2\/posts\/5514\/revisions\/5516"}],"wp:featuredmedia":[{"embeddable":true,"href":"https:\/\/tvc16.com\/portal\/wp-json\/wp\/v2\/media\/5515"}],"wp:attachment":[{"href":"https:\/\/tvc16.com\/portal\/wp-json\/wp\/v2\/media?parent=5514"}],"wp:term":[{"taxonomy":"category","embeddable":true,"href":"https:\/\/tvc16.com\/portal\/wp-json\/wp\/v2\/categories?post=5514"},{"taxonomy":"post_tag","embeddable":true,"href":"https:\/\/tvc16.com\/portal\/wp-json\/wp\/v2\/tags?post=5514"}],"curies":[{"name":"wp","href":"https:\/\/api.w.org\/{rel}","templated":true}]}}