{"id":55144,"date":"2023-03-13T08:00:00","date_gmt":"2023-03-13T11:00:00","guid":{"rendered":"https:\/\/tvc16.com\/portal\/?p=55144"},"modified":"2023-03-11T19:01:51","modified_gmt":"2023-03-11T22:01:51","slug":"secretario-de-transportes-anuncia-reconstrucao-da-linha-ferrea-que-liga-rio-de-janeiro-a-petropolis","status":"publish","type":"post","link":"https:\/\/tvc16.com\/portal\/2023\/03\/13\/secretario-de-transportes-anuncia-reconstrucao-da-linha-ferrea-que-liga-rio-de-janeiro-a-petropolis\/","title":{"rendered":"Secret\u00e1rio de Transportes anuncia reconstru\u00e7\u00e3o da linha f\u00e9rrea que liga Rio de Janeiro a Petr\u00f3polis"},"content":{"rendered":"\n<p><strong><em>Texto e Fotos: Raphaela Cordeiro<\/em><\/strong><\/p>\n\n\n\n<p>O Secret\u00e1rio Estadual de Transportes, Washington Reis, anunciou a reconstru\u00e7\u00e3o da linha f\u00e9rrea que liga as cidades do Rio de Janeiro e Petr\u00f3polis. De acordo com ele, na sexta-feira, dia 10 de mar\u00e7o, o Pal\u00e1cio da Guanabara confirmou que 20% dos recursos necess\u00e1rios para iniciar a licita\u00e7\u00e3o da obra j\u00e1 foram aprovados.<\/p>\n\n\n\n<figure class=\"wp-block-image size-large\"><img loading=\"lazy\" decoding=\"async\" width=\"1024\" height=\"768\" src=\"https:\/\/tvc16.com\/portal\/wp-content\/uploads\/2023\/03\/WhatsApp-Image-2023-03-10-at-14.28.22-1024x768.jpeg\" alt=\"\" class=\"wp-image-55146\" srcset=\"https:\/\/tvc16.com\/portal\/wp-content\/uploads\/2023\/03\/WhatsApp-Image-2023-03-10-at-14.28.22-1024x768.jpeg 1024w, https:\/\/tvc16.com\/portal\/wp-content\/uploads\/2023\/03\/WhatsApp-Image-2023-03-10-at-14.28.22-300x225.jpeg 300w, https:\/\/tvc16.com\/portal\/wp-content\/uploads\/2023\/03\/WhatsApp-Image-2023-03-10-at-14.28.22-768x576.jpeg 768w, https:\/\/tvc16.com\/portal\/wp-content\/uploads\/2023\/03\/WhatsApp-Image-2023-03-10-at-14.28.22-1536x1152.jpeg 1536w, https:\/\/tvc16.com\/portal\/wp-content\/uploads\/2023\/03\/WhatsApp-Image-2023-03-10-at-14.28.22-200x150.jpeg 200w, https:\/\/tvc16.com\/portal\/wp-content\/uploads\/2023\/03\/WhatsApp-Image-2023-03-10-at-14.28.22.jpeg 1600w\" sizes=\"auto, (max-width: 1024px) 100vw, 1024px\" \/><figcaption class=\"wp-element-caption\">Deputado Bernardo Rossi e o Secret\u00e1rio Estadual de Transportes, Washington Reis, em visita a Petr\u00f3polis<\/figcaption><\/figure>\n\n\n\n<p><br>A Estrada de Ferro Mau\u00e1, como \u00e9 conhecida hoje em dia, foi a primeira ferrovia a ser estabelecida no Brasil. Ela foi inaugurada no dia 30 de abril de 1854, chegando a mais de 15 km de extens\u00e3o. Ela levou este nome por ser constru\u00edda por Irineu Evangelista de Sousa, o Bar\u00e3o de Mau\u00e1.<\/p>\n\n\n\n<p><br>Hoje, quase 170 anos depois, a promessa do Governo do Estado \u00e9 de reconstruir a linha, melhorando a mobilidade urbana entre as cidades. A linha f\u00e9rrea ligaria a cidade do Rio de Janeiro, saindo do Pier Mau\u00e1 e levando os passageiros at\u00e9 Petr\u00f3polis, sendo finalizada na regi\u00e3o do Alto da Serra.<\/p>\n\n\n\n<p><br>Apesar de ainda n\u00e3o ter sido informada a data de in\u00edcio das interven\u00e7\u00f5es, o secret\u00e1rio afirmou que o projeto-base ser\u00e1 o mesmo do que o fundado em 1854, somado de novas tecnologias e recursos. \u201cN\u00f3s vamos trazer esse glamour para Petr\u00f3polis integrando esses modais, sendo trens, \u00f4nibus el\u00e9tricos e VLT. Vai ser mais um patrim\u00f4nio para agregar a beleza natural e o patrim\u00f4nio hist\u00f3rico de Petr\u00f3polis\u201d, disse o Secret\u00e1rio Estadual de Transportes, Washington Reis.<\/p>\n\n\n\n<p><br>Al\u00e9m de ligar as duas cidades e auxiliar na mobilidade urbana, a estrada de ferro tamb\u00e9m ser\u00e1 um atrativo tur\u00edsticos j\u00e1 que promete ser um caminho de muita beleza hist\u00f3rica e natural. \u201cEsse \u00e9 um projeto antigo, mas \u00e9 novidade para a popula\u00e7\u00e3o. Esse resgate do Governo Estadual motiva e anima a popula\u00e7\u00e3o de Petr\u00f3polis. A primeira ferrovia da hist\u00f3ria do Brasil, sendo reconstru\u00edda\u201d, disse o deputado estadual Bernardo Rossi.<\/p>\n","protected":false},"excerpt":{"rendered":"<p>Texto e Fotos: Raphaela Cordeiro O Secret\u00e1rio Estadual de Transportes, Washington Reis, anunciou a reconstru\u00e7\u00e3o<\/p>\n","protected":false},"author":2,"featured_media":55145,"comment_status":"open","ping_status":"open","sticky":true,"template":"","format":"standard","meta":{"footnotes":""},"categories":[12,264],"tags":[],"class_list":["post-55144","post","type-post","status-publish","format-standard","has-post-thumbnail","hentry","category-cidade","category-destaque"],"_links":{"self":[{"href":"https:\/\/tvc16.com\/portal\/wp-json\/wp\/v2\/posts\/55144","targetHints":{"allow":["GET"]}}],"collection":[{"href":"https:\/\/tvc16.com\/portal\/wp-json\/wp\/v2\/posts"}],"about":[{"href":"https:\/\/tvc16.com\/portal\/wp-json\/wp\/v2\/types\/post"}],"author":[{"embeddable":true,"href":"https:\/\/tvc16.com\/portal\/wp-json\/wp\/v2\/users\/2"}],"replies":[{"embeddable":true,"href":"https:\/\/tvc16.com\/portal\/wp-json\/wp\/v2\/comments?post=55144"}],"version-history":[{"count":1,"href":"https:\/\/tvc16.com\/portal\/wp-json\/wp\/v2\/posts\/55144\/revisions"}],"predecessor-version":[{"id":55147,"href":"https:\/\/tvc16.com\/portal\/wp-json\/wp\/v2\/posts\/55144\/revisions\/55147"}],"wp:featuredmedia":[{"embeddable":true,"href":"https:\/\/tvc16.com\/portal\/wp-json\/wp\/v2\/media\/55145"}],"wp:attachment":[{"href":"https:\/\/tvc16.com\/portal\/wp-json\/wp\/v2\/media?parent=55144"}],"wp:term":[{"taxonomy":"category","embeddable":true,"href":"https:\/\/tvc16.com\/portal\/wp-json\/wp\/v2\/categories?post=55144"},{"taxonomy":"post_tag","embeddable":true,"href":"https:\/\/tvc16.com\/portal\/wp-json\/wp\/v2\/tags?post=55144"}],"curies":[{"name":"wp","href":"https:\/\/api.w.org\/{rel}","templated":true}]}}