{"id":55148,"date":"2023-03-12T09:30:00","date_gmt":"2023-03-12T12:30:00","guid":{"rendered":"https:\/\/tvc16.com\/portal\/?p=55148"},"modified":"2023-03-11T19:12:53","modified_gmt":"2023-03-11T22:12:53","slug":"secretario-estadual-de-transportes-realiza-visita-tecnica-a-br-040-para-dar-seguimento-ao-projeto-da-ligacao-bingen-quitandinha","status":"publish","type":"post","link":"https:\/\/tvc16.com\/portal\/2023\/03\/12\/secretario-estadual-de-transportes-realiza-visita-tecnica-a-br-040-para-dar-seguimento-ao-projeto-da-ligacao-bingen-quitandinha\/","title":{"rendered":"Secret\u00e1rio Estadual de Transportes realiza visita t\u00e9cnica a BR-040 para dar seguimento ao projeto da liga\u00e7\u00e3o Bingen-Quitandinha"},"content":{"rendered":"\n<p><strong><em>Texto e Fotos: Raphaela Cordeiro<\/em><\/strong><\/p>\n\n\n\n<p>Na manh\u00e3 desta sexta-feira (10), o Secret\u00e1rio Estadual de Transportes, Washington Reis, esteve em Petr\u00f3polis para realizar uma visita t\u00e9cnica na BR-040. De acordo com ele, o Governo Estadual est\u00e1 comprometido em tirar do papel o projeto de liga\u00e7\u00e3o entre as regi\u00f5es do Bingen e do Quitandinha, em Petr\u00f3polis. O projeto j\u00e1 \u00e9 promessa h\u00e1 muitos anos e auxiliaria na mobilidade urbana da cidade, que hoje vive um verdadeiro caos no tr\u00e2nsito.<\/p>\n\n\n\n<figure class=\"wp-block-image size-large\"><img loading=\"lazy\" decoding=\"async\" width=\"1024\" height=\"768\" src=\"https:\/\/tvc16.com\/portal\/wp-content\/uploads\/2023\/03\/WhatsApp-Image-2023-03-10-at-14.28.20-1024x768.jpeg\" alt=\"\" class=\"wp-image-55150\" srcset=\"https:\/\/tvc16.com\/portal\/wp-content\/uploads\/2023\/03\/WhatsApp-Image-2023-03-10-at-14.28.20-1024x768.jpeg 1024w, https:\/\/tvc16.com\/portal\/wp-content\/uploads\/2023\/03\/WhatsApp-Image-2023-03-10-at-14.28.20-300x225.jpeg 300w, https:\/\/tvc16.com\/portal\/wp-content\/uploads\/2023\/03\/WhatsApp-Image-2023-03-10-at-14.28.20-768x576.jpeg 768w, https:\/\/tvc16.com\/portal\/wp-content\/uploads\/2023\/03\/WhatsApp-Image-2023-03-10-at-14.28.20-1536x1152.jpeg 1536w, https:\/\/tvc16.com\/portal\/wp-content\/uploads\/2023\/03\/WhatsApp-Image-2023-03-10-at-14.28.20-200x150.jpeg 200w, https:\/\/tvc16.com\/portal\/wp-content\/uploads\/2023\/03\/WhatsApp-Image-2023-03-10-at-14.28.20.jpeg 1600w\" sizes=\"auto, (max-width: 1024px) 100vw, 1024px\" \/><\/figure>\n\n\n\n<p><br>\u201cVamos tirar o povo do engarrafamento. As pessoas moram dentro de seus ve\u00edculos passando horas e mais horas no tr\u00e2nsito. A popula\u00e7\u00e3o perde muito tempo podendo estar em casa, no trabalho ou no lazer. N\u00f3s vamos fazer esse investimento determinado pelo governador Cl\u00e1udio Castro para melhorar as condi\u00e7\u00f5es de vida da popula\u00e7\u00e3o\u201d, disse o Secret\u00e1rio Estadual de Transportes, Washington Reis.<\/p>\n\n\n\n<figure class=\"wp-block-image size-large\"><img loading=\"lazy\" decoding=\"async\" width=\"1024\" height=\"768\" src=\"https:\/\/tvc16.com\/portal\/wp-content\/uploads\/2023\/03\/WhatsApp-Image-2023-03-10-at-14.28.21-1024x768.jpeg\" alt=\"\" class=\"wp-image-55151\" srcset=\"https:\/\/tvc16.com\/portal\/wp-content\/uploads\/2023\/03\/WhatsApp-Image-2023-03-10-at-14.28.21-1024x768.jpeg 1024w, https:\/\/tvc16.com\/portal\/wp-content\/uploads\/2023\/03\/WhatsApp-Image-2023-03-10-at-14.28.21-300x225.jpeg 300w, https:\/\/tvc16.com\/portal\/wp-content\/uploads\/2023\/03\/WhatsApp-Image-2023-03-10-at-14.28.21-768x576.jpeg 768w, https:\/\/tvc16.com\/portal\/wp-content\/uploads\/2023\/03\/WhatsApp-Image-2023-03-10-at-14.28.21-1536x1152.jpeg 1536w, https:\/\/tvc16.com\/portal\/wp-content\/uploads\/2023\/03\/WhatsApp-Image-2023-03-10-at-14.28.21-200x150.jpeg 200w, https:\/\/tvc16.com\/portal\/wp-content\/uploads\/2023\/03\/WhatsApp-Image-2023-03-10-at-14.28.21.jpeg 1600w\" sizes=\"auto, (max-width: 1024px) 100vw, 1024px\" \/><\/figure>\n\n\n\n<p><br>A visita tamb\u00e9m foi acompanhada pelo Deputado Estadual, Bernardo Rossi, que se comprometeu em cobrar que o projeto saia do papel. Em janeiro do ano passado uma fase de testes da liga\u00e7\u00e3o Bingen-Quintandinha chegou a ser anunciado, mas at\u00e9 hoje nada foi feito. Isso porque na \u00e9poca, n\u00e3o havia a assinatura de um termo de coopera\u00e7\u00e3o t\u00e9cnica entre a Prefeitura de Petr\u00f3polis, a Pol\u00edcia Rodovi\u00e1ria Federal (PRF), o Departamento Nacional de Infraestrutura de Transportes (Dnit) e a Ag\u00eancia Nacional de Transportes (ANTT).<\/p>\n\n\n\n<p><br>\u201cNa verdade a revers\u00e3o ainda n\u00e3o aconteceu justamente por quest\u00f5es burocr\u00e1ticas, porque a obra em sim n\u00e3o \u00e9 de grandes impactos. Al\u00e9m de ser importante para o morador do Bingen e do Quitandinha, essa obra acaba tirando um n\u00famero de carros muito grande do Centro da cidade. Isso vai tornar tudo mais f\u00e1cil e r\u00e1pido. Com certeza vai ser de grande valia para a nossa cidade\u201d, disse o Deputado Estadual, Bernardo Rossi.<\/p>\n\n\n\n<p><br>O projeto prev\u00ea a instala\u00e7\u00e3o da liga\u00e7\u00e3o das duas regi\u00f5es, atrav\u00e9s da entrada da localidade do amazonas, \u00e0s margens da BR-040. A regi\u00e3o seria o acesso dos motoristas que vierem do bingen para o Quitandinha. No Parque S\u00e3o Vicente, os ve\u00edculos voltam a acessar a BR-040, em dire\u00e7\u00e3o ao Quitandinha. Ainda de acordo com o projeto, ser\u00e1 constru\u00edda uma passarela para pedestres, antes do t\u00fanel, e ser\u00e3o feitas interven\u00e7\u00f5es na pista de sa\u00edda do Parque S\u00e3o Vicente.<\/p>\n\n\n\n<p><br>A liga\u00e7\u00e3o tamb\u00e9m faz parte de um dos lotes do projeto da Nova Subida da Serra, obra que foi paralisada no ano de 2016. A retomada destas obras foi outra promessa feita pelo secret\u00e1rio estadual para trazer ainda mais mobilidade urbana para regi\u00e3o e diminuir o tempo que os motoristas passam em congestionamentos. \u201cN\u00f3s pedimos que essa obra fosse feita pelo Governo Federal, dando em torno de R$ 1,150 bilh\u00e3o com toda revitaliza\u00e7\u00e3o e duplica\u00e7\u00e3o da subida da serra. Vai ter monitoramento com c\u00e2meras de reconhecimento facial, identifica\u00e7\u00e3o de ve\u00edculos e outros\u201d, disse o secret\u00e1rio.<\/p>\n\n\n\n<p><br>A visita tamb\u00e9m foi acompanhada por um representante da Concer, concession\u00e1ria respons\u00e1vel pelo trecho entre Juiz de Fora e Rio de Janeiro, da BR-040. No m\u00eas passado, uma nova decis\u00e3o judicial prorrogou, mais uma vez, o contrato com a concession\u00e1ria, que tinha previs\u00e3o de encerrar no dia 15 de fevereiro deste ano. O contrato foi prorrogado at\u00e9 o julgamento do m\u00e9rito do caso, que ainda n\u00e3o tem data prevista.<\/p>\n","protected":false},"excerpt":{"rendered":"<p>Texto e Fotos: Raphaela Cordeiro Na manh\u00e3 desta sexta-feira (10), o Secret\u00e1rio Estadual de Transportes,<\/p>\n","protected":false},"author":2,"featured_media":55149,"comment_status":"open","ping_status":"open","sticky":true,"template":"","format":"standard","meta":{"footnotes":""},"categories":[12,264,18,15],"tags":[],"class_list":["post-55148","post","type-post","status-publish","format-standard","has-post-thumbnail","hentry","category-cidade","category-destaque","category-economia","category-politica"],"_links":{"self":[{"href":"https:\/\/tvc16.com\/portal\/wp-json\/wp\/v2\/posts\/55148","targetHints":{"allow":["GET"]}}],"collection":[{"href":"https:\/\/tvc16.com\/portal\/wp-json\/wp\/v2\/posts"}],"about":[{"href":"https:\/\/tvc16.com\/portal\/wp-json\/wp\/v2\/types\/post"}],"author":[{"embeddable":true,"href":"https:\/\/tvc16.com\/portal\/wp-json\/wp\/v2\/users\/2"}],"replies":[{"embeddable":true,"href":"https:\/\/tvc16.com\/portal\/wp-json\/wp\/v2\/comments?post=55148"}],"version-history":[{"count":1,"href":"https:\/\/tvc16.com\/portal\/wp-json\/wp\/v2\/posts\/55148\/revisions"}],"predecessor-version":[{"id":55152,"href":"https:\/\/tvc16.com\/portal\/wp-json\/wp\/v2\/posts\/55148\/revisions\/55152"}],"wp:featuredmedia":[{"embeddable":true,"href":"https:\/\/tvc16.com\/portal\/wp-json\/wp\/v2\/media\/55149"}],"wp:attachment":[{"href":"https:\/\/tvc16.com\/portal\/wp-json\/wp\/v2\/media?parent=55148"}],"wp:term":[{"taxonomy":"category","embeddable":true,"href":"https:\/\/tvc16.com\/portal\/wp-json\/wp\/v2\/categories?post=55148"},{"taxonomy":"post_tag","embeddable":true,"href":"https:\/\/tvc16.com\/portal\/wp-json\/wp\/v2\/tags?post=55148"}],"curies":[{"name":"wp","href":"https:\/\/api.w.org\/{rel}","templated":true}]}}