{"id":55153,"date":"2023-03-11T19:18:24","date_gmt":"2023-03-11T22:18:24","guid":{"rendered":"https:\/\/tvc16.com\/portal\/?p=55153"},"modified":"2023-03-11T19:18:25","modified_gmt":"2023-03-11T22:18:25","slug":"beth-gomes-estabelece-novo-recorde-mundial-no-arremesso-de-peso","status":"publish","type":"post","link":"https:\/\/tvc16.com\/portal\/2023\/03\/11\/beth-gomes-estabelece-novo-recorde-mundial-no-arremesso-de-peso\/","title":{"rendered":"Beth Gomes estabelece novo recorde mundial no arremesso de peso"},"content":{"rendered":"\n<p><strong><em>Ag\u00eancia Brasil &#8211; S\u00e3o Paulo<\/em><\/strong><\/p>\n\n\n\n<p>Beth Gomes brilhou mais uma vez no Grand Prix de atletismo paral\u00edmpico de Marrakech (Marrocos). Ap\u00f3s garantir, na \u00faltima quinta-feira (9), um ouro na prova de arremesso de disco da classe F53 (para atletas cadeirantes), a paulista venceu, neste s\u00e1bado (11), no arremesso de peso, al\u00e9m de estabelecer um novo recorde mundial na prova.<img decoding=\"async\" src=\"https:\/\/agenciabrasil.ebc.com.br\/ebc.png?id=1515682&amp;o=node\"><img decoding=\"async\" src=\"https:\/\/agenciabrasil.ebc.com.br\/ebc.gif?id=1515682&amp;o=node\"><\/p>\n\n\n\n<p>A brasileira lan\u00e7ou o peso a 6,51 metros para vencer, al\u00e9m de superar um recorde que durava quase 30 anos. A marca anterior, de 5,88 metros, era da neozelandesa Cristeen Smith, registrada em 1994 na Alemanha.<\/p>\n\n\n\n<p>Al\u00e9m do ouro de Beth Gomes, o Brasil ficou em primeiro com Andr\u00e9 Rocha no lan\u00e7amento de disco da classe F52 (cadeirantes) com a marca de 18,68 metros. O pa\u00eds ainda garantiu duas pratas: Wanna de Oliveira, da classe F32 (paralisados cerebrais) no lan\u00e7amento de club, e com Lorraine Aguiar, da classe T12 (defici\u00eancia visual) na prova dos 400 metros. A quinta medalha do dia foi o bronze de Jean Carlos na prova do arremesso de peso da classe F38 (paralisados cerebrais).<\/p>\n\n\n\n<p>Com as cinco medalhas deste s\u00e1bado, o Brasil encerrou o Grand Prix de atletismo paral\u00edmpico de Marrakech com o total de 15 medalhas, na sexta coloca\u00e7\u00e3o do quadro geral de medalhas.<\/p>\n","protected":false},"excerpt":{"rendered":"<p>Ag\u00eancia Brasil &#8211; S\u00e3o Paulo Beth Gomes brilhou mais uma vez no Grand Prix de<\/p>\n","protected":false},"author":2,"featured_media":55154,"comment_status":"open","ping_status":"open","sticky":false,"template":"","format":"standard","meta":{"footnotes":""},"categories":[264,20,17,14],"tags":[],"class_list":["post-55153","post","type-post","status-publish","format-standard","has-post-thumbnail","hentry","category-destaque","category-esporte","category-outras-noticias","category-pais"],"_links":{"self":[{"href":"https:\/\/tvc16.com\/portal\/wp-json\/wp\/v2\/posts\/55153","targetHints":{"allow":["GET"]}}],"collection":[{"href":"https:\/\/tvc16.com\/portal\/wp-json\/wp\/v2\/posts"}],"about":[{"href":"https:\/\/tvc16.com\/portal\/wp-json\/wp\/v2\/types\/post"}],"author":[{"embeddable":true,"href":"https:\/\/tvc16.com\/portal\/wp-json\/wp\/v2\/users\/2"}],"replies":[{"embeddable":true,"href":"https:\/\/tvc16.com\/portal\/wp-json\/wp\/v2\/comments?post=55153"}],"version-history":[{"count":1,"href":"https:\/\/tvc16.com\/portal\/wp-json\/wp\/v2\/posts\/55153\/revisions"}],"predecessor-version":[{"id":55155,"href":"https:\/\/tvc16.com\/portal\/wp-json\/wp\/v2\/posts\/55153\/revisions\/55155"}],"wp:featuredmedia":[{"embeddable":true,"href":"https:\/\/tvc16.com\/portal\/wp-json\/wp\/v2\/media\/55154"}],"wp:attachment":[{"href":"https:\/\/tvc16.com\/portal\/wp-json\/wp\/v2\/media?parent=55153"}],"wp:term":[{"taxonomy":"category","embeddable":true,"href":"https:\/\/tvc16.com\/portal\/wp-json\/wp\/v2\/categories?post=55153"},{"taxonomy":"post_tag","embeddable":true,"href":"https:\/\/tvc16.com\/portal\/wp-json\/wp\/v2\/tags?post=55153"}],"curies":[{"name":"wp","href":"https:\/\/api.w.org\/{rel}","templated":true}]}}