{"id":55156,"date":"2023-03-11T20:30:00","date_gmt":"2023-03-11T23:30:00","guid":{"rendered":"https:\/\/tvc16.com\/portal\/?p=55156"},"modified":"2023-03-11T19:24:29","modified_gmt":"2023-03-11T22:24:29","slug":"gabriel-araujo-bate-recorde-mundial-nos-50-metros-borboleta-classe-s2","status":"publish","type":"post","link":"https:\/\/tvc16.com\/portal\/2023\/03\/11\/gabriel-araujo-bate-recorde-mundial-nos-50-metros-borboleta-classe-s2\/","title":{"rendered":"Gabriel Ara\u00fajo bate recorde mundial nos 50 metros borboleta classe S2"},"content":{"rendered":"\n<p><strong><em>Ag\u00eancia Brasil &#8211; Rio de Janeiro<\/em><\/strong><\/p>\n\n\n\n<p>O brasileiro Gabriel Ara\u00fajo bateu o recorde mundial da prova dos 50 metros borboleta da classe S2 (comprometimentos f\u00edsico-motores severos) ao completar, neste s\u00e1bado (11), as eliminat\u00f3rias da prova em 55s49 na etapa do World Series de Lignano (It\u00e1lia) de nata\u00e7\u00e3o paral\u00edmpica.<img decoding=\"async\" src=\"https:\/\/agenciabrasil.ebc.com.br\/ebc.png?id=1515673&amp;o=node\"><img decoding=\"async\" src=\"https:\/\/agenciabrasil.ebc.com.br\/ebc.gif?id=1515673&amp;o=node\"><\/p>\n\n\n\n<p>Com este tempo ele melhorou o recorde anterior da prova, de 55s59 e alcan\u00e7ada por ele mesmo em abril de 2022 no Centro de Treinamento Paral\u00edmpico, em S\u00e3o Paulo. Ap\u00f3s brilhar nas eliminat\u00f3rias o medalhista paral\u00edmpico garantiu o ouro na decis\u00e3o.<\/p>\n\n\n\n<p>Al\u00e9m da conquista do mineiro (que tem focomelia, doen\u00e7a cong\u00eanita que impede a forma\u00e7\u00e3o normal de bra\u00e7os e pernas), o Brasil garantiu na competi\u00e7\u00e3o realizada na It\u00e1lia um ouro com Gabriel Bandeira na prova dos 100 metros estilo costas pela classe S14 (para defici\u00eancia intelectual) com o tempo de 59s03.<\/p>\n\n\n\n<p>A terceira medalha da equipe brasileira neste s\u00e1bado foi uma prata de Mariana Gesteira nos 100 metros costas pela classe S9 (comprometimentos f\u00edsico-motores). Ela completou a prova em 1min10s77. Com estas conquistas o Brasil subiu ao p\u00f3dio em 14 oportunidades em Ligano.<\/p>\n","protected":false},"excerpt":{"rendered":"<p>Ag\u00eancia Brasil &#8211; Rio de Janeiro O brasileiro Gabriel Ara\u00fajo bateu o recorde mundial da<\/p>\n","protected":false},"author":2,"featured_media":55157,"comment_status":"open","ping_status":"open","sticky":false,"template":"","format":"standard","meta":{"footnotes":""},"categories":[264,20,17,14],"tags":[],"class_list":["post-55156","post","type-post","status-publish","format-standard","has-post-thumbnail","hentry","category-destaque","category-esporte","category-outras-noticias","category-pais"],"_links":{"self":[{"href":"https:\/\/tvc16.com\/portal\/wp-json\/wp\/v2\/posts\/55156","targetHints":{"allow":["GET"]}}],"collection":[{"href":"https:\/\/tvc16.com\/portal\/wp-json\/wp\/v2\/posts"}],"about":[{"href":"https:\/\/tvc16.com\/portal\/wp-json\/wp\/v2\/types\/post"}],"author":[{"embeddable":true,"href":"https:\/\/tvc16.com\/portal\/wp-json\/wp\/v2\/users\/2"}],"replies":[{"embeddable":true,"href":"https:\/\/tvc16.com\/portal\/wp-json\/wp\/v2\/comments?post=55156"}],"version-history":[{"count":2,"href":"https:\/\/tvc16.com\/portal\/wp-json\/wp\/v2\/posts\/55156\/revisions"}],"predecessor-version":[{"id":55159,"href":"https:\/\/tvc16.com\/portal\/wp-json\/wp\/v2\/posts\/55156\/revisions\/55159"}],"wp:featuredmedia":[{"embeddable":true,"href":"https:\/\/tvc16.com\/portal\/wp-json\/wp\/v2\/media\/55157"}],"wp:attachment":[{"href":"https:\/\/tvc16.com\/portal\/wp-json\/wp\/v2\/media?parent=55156"}],"wp:term":[{"taxonomy":"category","embeddable":true,"href":"https:\/\/tvc16.com\/portal\/wp-json\/wp\/v2\/categories?post=55156"},{"taxonomy":"post_tag","embeddable":true,"href":"https:\/\/tvc16.com\/portal\/wp-json\/wp\/v2\/tags?post=55156"}],"curies":[{"name":"wp","href":"https:\/\/api.w.org\/{rel}","templated":true}]}}