{"id":55160,"date":"2023-03-11T21:30:00","date_gmt":"2023-03-12T00:30:00","guid":{"rendered":"https:\/\/tvc16.com\/portal\/?p=55160"},"modified":"2023-03-11T20:05:17","modified_gmt":"2023-03-11T23:05:17","slug":"governo-do-estado-anuncia-novas-medidas-para-garantir-seguranca-durante-jogos-de-futebol","status":"publish","type":"post","link":"https:\/\/tvc16.com\/portal\/2023\/03\/11\/governo-do-estado-anuncia-novas-medidas-para-garantir-seguranca-durante-jogos-de-futebol\/","title":{"rendered":"<strong>Governo do Estado anuncia novas medidas para garantir seguran\u00e7a durante jogos de futebol<\/strong>"},"content":{"rendered":"\n<p><em>A\u00e7\u00f5es foram definidas em conjunto com representantes das pol\u00edcias Civil e Militar, Tribunal de Justi\u00e7a, Minist\u00e9rio P\u00fablico, clubes e federa\u00e7\u00e3o de futebol<\/em><\/p>\n\n\n\n<p>Durante reuni\u00e3o realizada nesta sexta-feira, 10, o governador Cl\u00e1udio Castro anunciou cinco novas medidas para coibir a viol\u00eancia entre torcedores durante partidas de futebol realizadas no estado. O encontro, que ocorreu no Pal\u00e1cio Guanabara, contou com a presen\u00e7a dos secret\u00e1rios de Pol\u00edcia Militar, Pol\u00edcia Civil e Esporte e Lazer, do Procurador-Geral do Estado e representantes do Tribunal de Justi\u00e7a, Minist\u00e9rio P\u00fablico, dirigentes de clubes de futebol, al\u00e9m da Federa\u00e7\u00e3o de Futebol do Estado do Rio.<\/p>\n\n\n\n<p>&#8211; Implementamos um plano de a\u00e7\u00e3o permanente e mais en\u00e9rgico para aqueles que praticam atos de viol\u00eancia durante os jogos. Essas a\u00e7\u00f5es valem para todos os campeonatos e n\u00e3o somente para o Carioca. N\u00e3o d\u00e1 para ter di\u00e1logo com quem n\u00e3o cumpre acordo. A m\u00e3o forte do Estado ser\u00e1 exercida. Temos total condi\u00e7\u00e3o de realizar espet\u00e1culos esportivos dessa grandiosidade \u2013 enfatizou o governador Cl\u00e1udio Castro.<\/p>\n\n\n\n<p>As novas medidas, que j\u00e1 valem a partir do pr\u00f3ximo jogo, incluem:<\/p>\n\n\n\n<p>\u2022 Os clubes de futebol n\u00e3o poder\u00e3o mais disponibilizar ingressos para torcidas organizadas;<\/p>\n\n\n\n<p>\u2022 As torcidas organizadas Ra\u00e7a Rubro-Negra, &nbsp;Jovem Fla, For\u00e7a Jovem do Vasco, Young Flu e a F\u00faria do Botafogo est\u00e3o, por tempo indeterminado, proibidas de frequentar todos os est\u00e1dios de futebol do Estado do Rio;<\/p>\n\n\n\n<p>\u2022 Abertura de inqu\u00e9rito pela Pol\u00edcia Civil para apurar poss\u00edvel enquadramento na tipifica\u00e7\u00e3o de organiza\u00e7\u00e3o criminosa;<\/p>\n\n\n\n<p>\u2022 Argui\u00e7\u00e3o de inconstitucionalidade para que haja san\u00e7\u00f5es administrativas \u00e0s torcidas organizadas;<\/p>\n\n\n\n<p>\u2022 Cria\u00e7\u00e3o de plano de a\u00e7\u00e3o permanente entre diferentes institui\u00e7\u00f5es para aprimorar e elaborar novas a\u00e7\u00f5es de seguran\u00e7a.<\/p>\n\n\n\n<p>Al\u00e9m disso, o governador tamb\u00e9m destacou o preparo das for\u00e7as de seguran\u00e7a em grandes eventos realizados no estado.<\/p>\n\n\n\n<p>&#8211; J\u00e1 temos expertise em fazer grandes eventos, como o Carnaval e o R\u00e9veillon, festividades que re\u00fanem milhares de pessoas. Como n\u00e3o ir\u00edamos garantir a seguran\u00e7a entre duas torcidas de futebol? Confio no trabalho das nossas pol\u00edcias e vamos aprimorar ainda mais o nosso planejamento \u2013 completou o governador.<\/p>\n\n\n\n<p>Para o presidente da Federa\u00e7\u00e3o de Futebol do Estado do Rio de Janeiro (Ferj), Rubens Lopes, as medidas tomadas s\u00e3o de preven\u00e7\u00e3o para que n\u00e3o aconte\u00e7am novos epis\u00f3dios de viol\u00eancia, como o da \u00faltima semana.<\/p>\n\n\n\n<p>&#8211; Agrade\u00e7o pela sensibilidade do Governo do Estado em atender esse apelo. Cada institui\u00e7\u00e3o tem seus limites, mas cada uma pode dar sua contribui\u00e7\u00e3o para que as a\u00e7\u00f5es sejam cada vez mais efetivas. Hoje, o esporte n\u00e3o \u00e9 somente um meio de lazer, mas &nbsp;tamb\u00e9m movimenta a nossa economia \u2013 finalizou o presidente do Ferj.<\/p>\n","protected":false},"excerpt":{"rendered":"<p>A\u00e7\u00f5es foram definidas em conjunto com representantes das pol\u00edcias Civil e Militar, Tribunal de Justi\u00e7a,<\/p>\n","protected":false},"author":2,"featured_media":55161,"comment_status":"open","ping_status":"open","sticky":false,"template":"","format":"standard","meta":{"footnotes":""},"categories":[21,264,20,17],"tags":[],"class_list":["post-55160","post","type-post","status-publish","format-standard","has-post-thumbnail","hentry","category-cultura","category-destaque","category-esporte","category-outras-noticias"],"_links":{"self":[{"href":"https:\/\/tvc16.com\/portal\/wp-json\/wp\/v2\/posts\/55160","targetHints":{"allow":["GET"]}}],"collection":[{"href":"https:\/\/tvc16.com\/portal\/wp-json\/wp\/v2\/posts"}],"about":[{"href":"https:\/\/tvc16.com\/portal\/wp-json\/wp\/v2\/types\/post"}],"author":[{"embeddable":true,"href":"https:\/\/tvc16.com\/portal\/wp-json\/wp\/v2\/users\/2"}],"replies":[{"embeddable":true,"href":"https:\/\/tvc16.com\/portal\/wp-json\/wp\/v2\/comments?post=55160"}],"version-history":[{"count":1,"href":"https:\/\/tvc16.com\/portal\/wp-json\/wp\/v2\/posts\/55160\/revisions"}],"predecessor-version":[{"id":55162,"href":"https:\/\/tvc16.com\/portal\/wp-json\/wp\/v2\/posts\/55160\/revisions\/55162"}],"wp:featuredmedia":[{"embeddable":true,"href":"https:\/\/tvc16.com\/portal\/wp-json\/wp\/v2\/media\/55161"}],"wp:attachment":[{"href":"https:\/\/tvc16.com\/portal\/wp-json\/wp\/v2\/media?parent=55160"}],"wp:term":[{"taxonomy":"category","embeddable":true,"href":"https:\/\/tvc16.com\/portal\/wp-json\/wp\/v2\/categories?post=55160"},{"taxonomy":"post_tag","embeddable":true,"href":"https:\/\/tvc16.com\/portal\/wp-json\/wp\/v2\/tags?post=55160"}],"curies":[{"name":"wp","href":"https:\/\/api.w.org\/{rel}","templated":true}]}}