{"id":55164,"date":"2023-03-12T08:30:00","date_gmt":"2023-03-12T11:30:00","guid":{"rendered":"https:\/\/tvc16.com\/portal\/?p=55164"},"modified":"2023-03-11T20:54:39","modified_gmt":"2023-03-11T23:54:39","slug":"evento-altera-trafego-de-ruas-em-teresopolis","status":"publish","type":"post","link":"https:\/\/tvc16.com\/portal\/2023\/03\/12\/evento-altera-trafego-de-ruas-em-teresopolis\/","title":{"rendered":"Evento altera tr\u00e1fego de ruas em Teres\u00f3polis"},"content":{"rendered":"\n<p>Em virtude do evento \u2018St. Patrick\u00b4s Days\u2019, que acontece de 16 a 19 de mar\u00e7o, no antigo Bingo e trecho da Avenida Oliveira Botelho, no Alto, a Secretaria de Seguran\u00e7a P\u00fablica e Guarda Civil de Teres\u00f3polis, comunicam que a Avenida Oliveira Botelho, nos trechos entre as ruas Gon\u00e7alo de Castro e Jorge L\u00f3ssio, ficar\u00e1 fechada para o evento.<\/p>\n\n\n\n<figure class=\"wp-block-image size-full\"><img loading=\"lazy\" decoding=\"async\" width=\"380\" height=\"280\" src=\"https:\/\/tvc16.com\/portal\/wp-content\/uploads\/2023\/03\/st-patricks-guia-completo-380x280-1.jpg\" alt=\"\" class=\"wp-image-55166\" srcset=\"https:\/\/tvc16.com\/portal\/wp-content\/uploads\/2023\/03\/st-patricks-guia-completo-380x280-1.jpg 380w, https:\/\/tvc16.com\/portal\/wp-content\/uploads\/2023\/03\/st-patricks-guia-completo-380x280-1-300x221.jpg 300w\" sizes=\"auto, (max-width: 380px) 100vw, 380px\" \/><\/figure>\n\n\n\n<p>O isolamento tem in\u00edcio nesta segunda-feira, 13, para estacionamento e a partir de ter\u00e7a-feira, 14\/03, para montagem de estrutura e realiza\u00e7\u00e3o do evento, at\u00e9 a segunda-feira seguinte, dia 20\/03. <\/p>\n\n\n\n<p>A Secretaria de Seguran\u00e7a P\u00fablica informa, ainda, que as vias onde haver\u00e1 altera\u00e7\u00f5es ser\u00e3o sinalizadas e que agentes da Guarda Civil estar\u00e3o nos locais para orientar os motoristas.<\/p>\n\n\n\n<figure class=\"wp-block-image size-full\"><img loading=\"lazy\" decoding=\"async\" width=\"931\" height=\"554\" src=\"https:\/\/tvc16.com\/portal\/wp-content\/uploads\/2023\/03\/WhatsApp-Image-2023-03-11-at-10.40.03.jpeg\" alt=\"\" class=\"wp-image-55167\" srcset=\"https:\/\/tvc16.com\/portal\/wp-content\/uploads\/2023\/03\/WhatsApp-Image-2023-03-11-at-10.40.03.jpeg 931w, https:\/\/tvc16.com\/portal\/wp-content\/uploads\/2023\/03\/WhatsApp-Image-2023-03-11-at-10.40.03-300x179.jpeg 300w, https:\/\/tvc16.com\/portal\/wp-content\/uploads\/2023\/03\/WhatsApp-Image-2023-03-11-at-10.40.03-768x457.jpeg 768w\" sizes=\"auto, (max-width: 931px) 100vw, 931px\" \/><\/figure>\n\n\n\n<p><strong>Confira as altera\u00e7\u00f5es<\/strong>:<\/p>\n\n\n\n<ul class=\"wp-block-list\">\n<li>Entre os dias 13 e 20, a Rua Jorge L\u00f3ssio ficar\u00e1 em sentido \u00fanico, apenas subindo a via. Assim como a Rua Sebasti\u00e3o Lacerda, que ter\u00e1 sentido \u00fanico, subindo em dire\u00e7\u00e3o \u00e0 Rua Monsenhor Nivaldo, a do Col\u00e9gio S\u00e3o Paulo. <\/li>\n<\/ul>\n\n\n\n<ul class=\"wp-block-list\">\n<li>Quem vier do Alto em dire\u00e7\u00e3o ao Centro, a partir da Rua Flavio Bortoluzzi de Souza, ter\u00e1 acesso pela Rua Alfredo Rebello Filho, seguindo pela Rua Tiet\u00ea e pegando a Av. Alberto Torres, na altura da antiga Delegacia.<\/li>\n<\/ul>\n\n\n\n<ul class=\"wp-block-list\">\n<li>O motorista que vier do Rio de Janeiro deve acessar a Av. Oliveira Botelho, at\u00e9 a altura da Rua Gon\u00e7alo de Castro, pegar a Rua Alfredo Rebello Filho, seguir pela Rua Tiet\u00ea e entrar na Av. Oliveira Botelho.\u00a0Nessas vias, est\u00e1 proibido o estacionamento de ve\u00edculos.<\/li>\n<\/ul>\n\n\n\n<ul class=\"wp-block-list\">\n<li>Com rela\u00e7\u00e3o aos pontos de \u00f4nibus, s\u00f3 haver\u00e1 uma altera\u00e7\u00e3o: o ponto de \u00f4nibus localizado em frente ao antigo Bingo, sentido V\u00e1rzea-Alto, ser\u00e1 transferido, durante o per\u00edodo do evento, para a esquina da Av. Oliveira Botelho com a Rua Jorge L\u00f3ssio.<\/li>\n<\/ul>\n\n\n\n<p>Al\u00e9m do trabalho dos agentes da Guarda Civil, a Secretaria Municipal de Ci\u00eancia e Tecnologia, providenciou a inclus\u00e3o dos bloqueios no Waze. Assim, quem fizer os trajetos no entorno do evento utilizando o aplicativo ser\u00e1 automaticamente direcionado para a via alternativa mais r\u00e1pida. <\/p>\n","protected":false},"excerpt":{"rendered":"<p>Em virtude do evento \u2018St. Patrick\u00b4s Days\u2019, que acontece de 16 a 19 de mar\u00e7o,<\/p>\n","protected":false},"author":2,"featured_media":55165,"comment_status":"open","ping_status":"open","sticky":false,"template":"","format":"standard","meta":{"footnotes":""},"categories":[21,264,18,17,118],"tags":[],"class_list":["post-55164","post","type-post","status-publish","format-standard","has-post-thumbnail","hentry","category-cultura","category-destaque","category-economia","category-outras-noticias","category-programacao"],"_links":{"self":[{"href":"https:\/\/tvc16.com\/portal\/wp-json\/wp\/v2\/posts\/55164","targetHints":{"allow":["GET"]}}],"collection":[{"href":"https:\/\/tvc16.com\/portal\/wp-json\/wp\/v2\/posts"}],"about":[{"href":"https:\/\/tvc16.com\/portal\/wp-json\/wp\/v2\/types\/post"}],"author":[{"embeddable":true,"href":"https:\/\/tvc16.com\/portal\/wp-json\/wp\/v2\/users\/2"}],"replies":[{"embeddable":true,"href":"https:\/\/tvc16.com\/portal\/wp-json\/wp\/v2\/comments?post=55164"}],"version-history":[{"count":1,"href":"https:\/\/tvc16.com\/portal\/wp-json\/wp\/v2\/posts\/55164\/revisions"}],"predecessor-version":[{"id":55168,"href":"https:\/\/tvc16.com\/portal\/wp-json\/wp\/v2\/posts\/55164\/revisions\/55168"}],"wp:featuredmedia":[{"embeddable":true,"href":"https:\/\/tvc16.com\/portal\/wp-json\/wp\/v2\/media\/55165"}],"wp:attachment":[{"href":"https:\/\/tvc16.com\/portal\/wp-json\/wp\/v2\/media?parent=55164"}],"wp:term":[{"taxonomy":"category","embeddable":true,"href":"https:\/\/tvc16.com\/portal\/wp-json\/wp\/v2\/categories?post=55164"},{"taxonomy":"post_tag","embeddable":true,"href":"https:\/\/tvc16.com\/portal\/wp-json\/wp\/v2\/tags?post=55164"}],"curies":[{"name":"wp","href":"https:\/\/api.w.org\/{rel}","templated":true}]}}