{"id":55169,"date":"2023-03-13T09:00:00","date_gmt":"2023-03-13T12:00:00","guid":{"rendered":"https:\/\/tvc16.com\/portal\/?p=55169"},"modified":"2023-03-11T21:17:41","modified_gmt":"2023-03-12T00:17:41","slug":"teresopolis-prepara-caravana-para-lancamento-do-programa-estadual-empreenda-mulher","status":"publish","type":"post","link":"https:\/\/tvc16.com\/portal\/2023\/03\/13\/teresopolis-prepara-caravana-para-lancamento-do-programa-estadual-empreenda-mulher\/","title":{"rendered":"<strong>Teres\u00f3polis prepara caravana para lan\u00e7amento do programa estadual Empreenda + Mulher<\/strong>"},"content":{"rendered":"\n<p>A Prefeitura de Teres\u00f3polis, por meio das secretarias municipais de Trabalho, Emprego e Economia Solid\u00e1ria e dos Direitos da Mulher, est\u00e1 organizando uma Caravana para garantir transporte e acesso gratuito \u00e0 programa\u00e7\u00e3o de lan\u00e7amento do Programa Empreenda + Mulher, iniciativa do SEBRAE-RJ em parceria com o Governo do Estado.<\/p>\n\n\n\n<p>Marcado para esta ter\u00e7a-feira, dia 14 de mar\u00e7o, com abertura \u00e0s 9h30 no Pal\u00e1cio Guanabara, no Rio de Janeiro, o evento tem como miss\u00e3o incentivar as mulheres a impulsionarem os seus empreendimentos e contar\u00e1 com sess\u00e3o de neg\u00f3cios e rodada de cr\u00e9dito.<\/p>\n\n\n\n<p>S\u00e3o 40 vagas para empreendedoras de Teres\u00f3polis, maiores de 18 anos, que ter\u00e3o transporte garantido, em uma a\u00e7\u00e3o conjunta entre as institui\u00e7\u00f5es integrantes do \u2018Pra Cima Ter\u00ea \u2013 Programa Estrat\u00e9gico de Fortalecimento Econ\u00f4mico e Gera\u00e7\u00e3o de Empregos\u2019 e a Via\u00e7\u00e3o Teres\u00f3polis. <\/p>\n\n\n\n<p>A caravana sair\u00e1 da Prefeitura de Teres\u00f3polis \u00e0s 6h do dia 14\/03, com previs\u00e3o de retorno \u00e0s 18h30. A participa\u00e7\u00e3o \u00e9 gratuita e com lugares limitados. As interessadas a uma vaga na caravana devem fazer a inscri\u00e7\u00e3o preenchendo formul\u00e1rio individual, que pode ser acessado por meio do link\u00a0https:\/\/bit.ly\/CaravanaEmpreendaMulher.<\/p>\n\n\n\n<p><strong>Programa\u00e7\u00e3o:<\/strong><\/p>\n\n\n\n<p>06h, Sa\u00edda da Caravana da Prefeitura de Teres\u00f3polis;<\/p>\n\n\n\n<p>9h30, Abertura institucional;<\/p>\n\n\n\n<p>10h, Assinatura da carta de inten\u00e7\u00f5es para cria\u00e7\u00e3o do programa Empreende + Mulher;<\/p>\n\n\n\n<p>10h30, Mesa de conversa \u2013 Tema: Participa\u00e7\u00e3o feminina e a import\u00e2ncia da diversidade e inclus\u00e3o no mundo dos neg\u00f3cios;<\/p>\n\n\n\n<p>13h30, Sess\u00e3o de Neg\u00f3cios e Rodada de Cr\u00e9dito;<\/p>\n\n\n\n<p>18h30, Retorno com a chegada em Teres\u00f3polis.<\/p>\n","protected":false},"excerpt":{"rendered":"<p>A Prefeitura de Teres\u00f3polis, por meio das secretarias municipais de Trabalho, Emprego e Economia Solid\u00e1ria<\/p>\n","protected":false},"author":2,"featured_media":55170,"comment_status":"open","ping_status":"open","sticky":false,"template":"","format":"standard","meta":{"footnotes":""},"categories":[21,264,18,17],"tags":[],"class_list":["post-55169","post","type-post","status-publish","format-standard","has-post-thumbnail","hentry","category-cultura","category-destaque","category-economia","category-outras-noticias"],"_links":{"self":[{"href":"https:\/\/tvc16.com\/portal\/wp-json\/wp\/v2\/posts\/55169","targetHints":{"allow":["GET"]}}],"collection":[{"href":"https:\/\/tvc16.com\/portal\/wp-json\/wp\/v2\/posts"}],"about":[{"href":"https:\/\/tvc16.com\/portal\/wp-json\/wp\/v2\/types\/post"}],"author":[{"embeddable":true,"href":"https:\/\/tvc16.com\/portal\/wp-json\/wp\/v2\/users\/2"}],"replies":[{"embeddable":true,"href":"https:\/\/tvc16.com\/portal\/wp-json\/wp\/v2\/comments?post=55169"}],"version-history":[{"count":1,"href":"https:\/\/tvc16.com\/portal\/wp-json\/wp\/v2\/posts\/55169\/revisions"}],"predecessor-version":[{"id":55171,"href":"https:\/\/tvc16.com\/portal\/wp-json\/wp\/v2\/posts\/55169\/revisions\/55171"}],"wp:featuredmedia":[{"embeddable":true,"href":"https:\/\/tvc16.com\/portal\/wp-json\/wp\/v2\/media\/55170"}],"wp:attachment":[{"href":"https:\/\/tvc16.com\/portal\/wp-json\/wp\/v2\/media?parent=55169"}],"wp:term":[{"taxonomy":"category","embeddable":true,"href":"https:\/\/tvc16.com\/portal\/wp-json\/wp\/v2\/categories?post=55169"},{"taxonomy":"post_tag","embeddable":true,"href":"https:\/\/tvc16.com\/portal\/wp-json\/wp\/v2\/tags?post=55169"}],"curies":[{"name":"wp","href":"https:\/\/api.w.org\/{rel}","templated":true}]}}