{"id":5517,"date":"2020-11-12T21:01:36","date_gmt":"2020-11-13T00:01:36","guid":{"rendered":"https:\/\/tvc16.com\/portal\/?p=5517"},"modified":"2020-11-12T21:01:39","modified_gmt":"2020-11-13T00:01:39","slug":"consumo-de-energia-volta-a-niveis-pre-pandemia-no-brasil","status":"publish","type":"post","link":"https:\/\/tvc16.com\/portal\/2020\/11\/12\/consumo-de-energia-volta-a-niveis-pre-pandemia-no-brasil\/","title":{"rendered":"Consumo de energia volta a n\u00edveis pr\u00e9-pandemia no Brasil"},"content":{"rendered":"\n<h3 class=\"wp-block-heading\">Eletrobras teve lucro l\u00edquido de R$ 96 milh\u00f5es no terceiro trimestre<\/h3>\n\n\n\n<p>O consumo de energia no pa\u00eds voltou aos n\u00edveis pr\u00e9-pandemia, principalmente impulsionado pelos setores da ind\u00fastria voltados \u00e0 exporta\u00e7\u00e3o. O dado faz parte dos resultados da Eletrobras, referentes ao terceiro trimestre do ano, que apontam lucro l\u00edquido de R$ 96 milh\u00f5es, inferior aos R$ 716 milh\u00f5es do mesmo per\u00edodo do ano passado.<img decoding=\"async\" src=\"https:\/\/agenciabrasil.ebc.com.br\/ebc.png?id=1393076&amp;o=node\"><img decoding=\"async\" src=\"https:\/\/agenciabrasil.ebc.com.br\/ebc.gif?id=1393076&amp;o=node\"><\/p>\n\n\n\n<p>A apresenta\u00e7\u00e3o dos n\u00fameros foi feita em teleconfer\u00eancia realizada nesta quinta-feira (12), aos acionistas da estatal, pelo presidente da Eletrobras, Wilson Ferreira J\u00fanior. Segundo ele, a economia brasileira vinha em um processo de retomada do crescimento, mas sofreu uma parada brusca por conta da pandemia, a partir de mar\u00e7o. Quanto maior a atividade econ\u00f4mica, maior o consumo de energia.<\/p>\n\n\n\n<p>\u201cH\u00e1 duas raz\u00f5es para o processo de retomada. A primeira delas \u00e9, de fato, a economia. O ponto mais baixo [no consumo de energia] foi em maio, com redu\u00e7\u00e3o de 26%, e n\u00f3s j\u00e1 estamos com 4% operando acima. Isto significa um retorno importante das atividades. O Brasil vinha em uma perspectiva de crescimento, vinha ganhando velocidade, e teve uma brecada forte. Agora est\u00e1 tendo uma sa\u00edda forte, com responsabilidade\u201d, disse o presidente da estatal.<\/p>\n\n\n\n<p>Em maio, o consumo m\u00e9dio nacional chegou a 55.272 megawatts (MW), subindo ao patamar de 65.984 MW em outubro. Segundo ele, o setor que apresenta maior atividade \u00e9 o exportador, impulsionado pelo c\u00e2mbio favor\u00e1vel. Ao mesmo tempo, o com\u00e9rcio e os servi\u00e7os ainda est\u00e3o abaixo do potencial.<\/p>\n\n\n\n<p>\u201cTemos um benef\u00edcio, com a varia\u00e7\u00e3o do c\u00e2mbio, das ind\u00fastrias exportadoras, que ficaram mais competitivas, incluindo o agroneg\u00f3cio e as commodities. Mas ainda estamos bastante afetados no tema de com\u00e9rcio e servi\u00e7os, que est\u00e3o com muitas dificuldades, como os setores hoteleiro, de alimenta\u00e7\u00e3o, de avia\u00e7\u00e3o\u201d, assinalou Ferreira J\u00fanior.<\/p>\n\n\n\n<p>Ele lembrou tamb\u00e9m que o tempo quente em boa parte do pa\u00eds, este ano afetado pelo fen\u00f4meno La Ni\u00f1a, \u00e9 favor\u00e1vel ao uso intensivo de sistemas de ar-condicionado: \u201cEstamos vivendo um momento muito quente e a temperatura impacta no consumo em instala\u00e7\u00f5es residenciais e comerciais. At\u00e9 por conta do home-office, estamos com um consumo maior no residencial\u201d.<\/p>\n\n\n\n<h2 class=\"wp-block-heading\">Amap\u00e1<\/h2>\n\n\n\n<p>Ap\u00f3s a&nbsp;confer\u00eancia com os investidores, o presidente da Eletrobras conversou com a imprensa. Perguntado se o inc\u00eandio no transformador de uma subesta\u00e7\u00e3o de energia no Amap\u00e1, de uma empresa privada, pode impactar na privatiza\u00e7\u00e3o da estatal, o presidente da Eletrobras respondeu que a venda da companhia continua sendo prioridade.<\/p>\n\n\n\n<p>\u201cEsse evento no Amap\u00e1 foi infeliz e dram\u00e1tico para a popula\u00e7\u00e3o, e n\u00e3o \u00e9 comum acontecer. Foi um evento extraordin\u00e1rio. N\u00e3o temos condi\u00e7\u00f5es de saber, porque ainda est\u00e1 sendo apurado, at\u00e9 para responsabilizar ou atribuir culpa. \u00c9 muito precipitado qualquer tipo de julgamento a dez dias do evento. A Eletrobras continua um ativo importante a ser privatizado, pela contribui\u00e7\u00e3o que pode dar aos cofres do Estado ou pela gera\u00e7\u00e3o de investimentos e empregos. A privatiza\u00e7\u00e3o da companhia continua sendo prioridade do governo\u201d, afirmou<\/p>\n\n\n\n<p>O relat\u00f3rio fiscal da Eletrobras pode ser acessado na\u00a0<a href=\"https:\/\/eletrobras.com\/pt\/ri\/DemonstracoesFinanceiras\/ITR%202020%203T20.pdf\">p\u00e1gina da empresa<\/a>\u00a0na internet.<\/p>\n\n\n\n<p>Por Vladimir Platonow \u2013 Rep\u00f3rter da Ag\u00eancia Brasil &#8211; Rio de Janeiro<\/p>\n\n\n\n<p>Edi\u00e7\u00e3o: N\u00e1dia Franco<\/p>\n","protected":false},"excerpt":{"rendered":"<p>Eletrobras teve lucro l\u00edquido de R$ 96 milh\u00f5es no terceiro trimestre O consumo de energia<\/p>\n","protected":false},"author":2,"featured_media":5518,"comment_status":"open","ping_status":"open","sticky":false,"template":"","format":"standard","meta":{"footnotes":""},"categories":[18],"tags":[],"class_list":["post-5517","post","type-post","status-publish","format-standard","has-post-thumbnail","hentry","category-economia"],"_links":{"self":[{"href":"https:\/\/tvc16.com\/portal\/wp-json\/wp\/v2\/posts\/5517","targetHints":{"allow":["GET"]}}],"collection":[{"href":"https:\/\/tvc16.com\/portal\/wp-json\/wp\/v2\/posts"}],"about":[{"href":"https:\/\/tvc16.com\/portal\/wp-json\/wp\/v2\/types\/post"}],"author":[{"embeddable":true,"href":"https:\/\/tvc16.com\/portal\/wp-json\/wp\/v2\/users\/2"}],"replies":[{"embeddable":true,"href":"https:\/\/tvc16.com\/portal\/wp-json\/wp\/v2\/comments?post=5517"}],"version-history":[{"count":1,"href":"https:\/\/tvc16.com\/portal\/wp-json\/wp\/v2\/posts\/5517\/revisions"}],"predecessor-version":[{"id":5519,"href":"https:\/\/tvc16.com\/portal\/wp-json\/wp\/v2\/posts\/5517\/revisions\/5519"}],"wp:featuredmedia":[{"embeddable":true,"href":"https:\/\/tvc16.com\/portal\/wp-json\/wp\/v2\/media\/5518"}],"wp:attachment":[{"href":"https:\/\/tvc16.com\/portal\/wp-json\/wp\/v2\/media?parent=5517"}],"wp:term":[{"taxonomy":"category","embeddable":true,"href":"https:\/\/tvc16.com\/portal\/wp-json\/wp\/v2\/categories?post=5517"},{"taxonomy":"post_tag","embeddable":true,"href":"https:\/\/tvc16.com\/portal\/wp-json\/wp\/v2\/tags?post=5517"}],"curies":[{"name":"wp","href":"https:\/\/api.w.org\/{rel}","templated":true}]}}