{"id":55172,"date":"2023-03-11T22:00:03","date_gmt":"2023-03-12T01:00:03","guid":{"rendered":"https:\/\/tvc16.com\/portal\/?p=55172"},"modified":"2023-03-11T22:10:24","modified_gmt":"2023-03-12T01:10:24","slug":"competicoes-principais-do-desafio-de-gigantes-internacional-acontecem-neste-domingo-12","status":"publish","type":"post","link":"https:\/\/tvc16.com\/portal\/2023\/03\/11\/competicoes-principais-do-desafio-de-gigantes-internacional-acontecem-neste-domingo-12\/","title":{"rendered":"Competi\u00e7\u00f5es principais do Desafio de Gigantes Internacional acontecem neste domingo, 12."},"content":{"rendered":"\n<p><strong><em>Imagens: Wendel Fernandes, Cristyano Oliveira, Alyson fpv, Eduardo Mendon\u00e7a, Adriano Mendon\u00e7a &#8211; Equipe Avelar Sports<\/em><\/strong><\/p>\n\n\n\n<p>Com a expectativa de realizar a maior corrida de Mountain Bike da hist\u00f3ria do estado do Rio de Janeiro, os 1.200 participantes de mais de 10 pa\u00edses seguem em busca pelos pontos para o ranking de classifica\u00e7\u00e3o para os Jogos Ol\u00edmpicos de 2024.<\/p>\n\n\n\n<p>As primeiras etapas come\u00e7aram no Villa Itaipava Resort &amp; Conventions, na tarde de sexta-feira, 10, se estenderam ao longo de todo o dia de s\u00e1bado e terminam neste domingo, 12, com os principais nomes da modalidade.<\/p>\n\n\n\n<figure class=\"wp-block-image size-large\"><img loading=\"lazy\" decoding=\"async\" width=\"1024\" height=\"576\" src=\"https:\/\/tvc16.com\/portal\/wp-content\/uploads\/2023\/03\/WhatsApp-Image-2023-03-11-at-09.53.10-1024x576.jpeg\" alt=\"\" class=\"wp-image-55174\" srcset=\"https:\/\/tvc16.com\/portal\/wp-content\/uploads\/2023\/03\/WhatsApp-Image-2023-03-11-at-09.53.10-1024x576.jpeg 1024w, https:\/\/tvc16.com\/portal\/wp-content\/uploads\/2023\/03\/WhatsApp-Image-2023-03-11-at-09.53.10-300x169.jpeg 300w, https:\/\/tvc16.com\/portal\/wp-content\/uploads\/2023\/03\/WhatsApp-Image-2023-03-11-at-09.53.10-768x432.jpeg 768w, https:\/\/tvc16.com\/portal\/wp-content\/uploads\/2023\/03\/WhatsApp-Image-2023-03-11-at-09.53.10.jpeg 1280w\" sizes=\"auto, (max-width: 1024px) 100vw, 1024px\" \/><\/figure>\n\n\n\n<p>A competi\u00e7\u00e3o \u00e9 fruto da parceria entre o atleta Henrique Avancini, a organizadora de eventos Avelar Sports e a Prefeitura de Petr\u00f3polis e vai distribuir 105 pontos, que podem ser fundamentais para a classifica\u00e7\u00e3o da modalidade para os Jogos de Paris-2024.<\/p>\n\n\n\n<p>Esta \u00e9 a terceira edi\u00e7\u00e3o da competi\u00e7\u00e3o, no pa\u00eds. As anteriores aconteceram em Santana dos Montes, em Minas Gerais, nos anos de 2020 e 2021. \u201cO evento \u00e9 a continuidade da Copa do Mundo de Mountain Bike, realizada em Petr\u00f3polis, no ano passado. Recebemos atletas do mundo inteiro e, nessa ocasi\u00e3o, vimos a possibilidade de sediar novas competi\u00e7\u00f5es. Esta ser\u00e1 mais uma oportunidade de projetarmos a nossa cidade para todo o mundo pois o evento ser\u00e1 transmitido por canais de v\u00e1rios pa\u00edses\u201d, explica o secret\u00e1rio de Esportes, Rafael Sim\u00e3o.<\/p>\n\n\n\n<figure class=\"wp-block-image size-full\"><img loading=\"lazy\" decoding=\"async\" width=\"790\" height=\"429\" src=\"https:\/\/tvc16.com\/portal\/wp-content\/uploads\/2023\/03\/Screenshot_4.png\" alt=\"\" class=\"wp-image-55175\" srcset=\"https:\/\/tvc16.com\/portal\/wp-content\/uploads\/2023\/03\/Screenshot_4.png 790w, https:\/\/tvc16.com\/portal\/wp-content\/uploads\/2023\/03\/Screenshot_4-300x163.png 300w, https:\/\/tvc16.com\/portal\/wp-content\/uploads\/2023\/03\/Screenshot_4-768x417.png 768w\" sizes=\"auto, (max-width: 790px) 100vw, 790px\" \/><\/figure>\n\n\n\n<p>A Avelar Sports e Henrique Avancini tamb\u00e9m confirmaram na semana seguinte ao Desafio de Gigantes um projeto para atletas do alto rendimento ciclismo, que mistura mentoria e imers\u00e3o com nomes que fazem a diferen\u00e7a na modalidade.<\/p>\n\n\n\n<p>A Imers\u00e3o &amp; Mentoria Gigantes Camp \u00e9 in\u00e9dito no segmento e tamb\u00e9m ser\u00e1 o Resort Villa Itaipava.&nbsp; Os mentores ser\u00e3o Henrique Avancini, Alesandra Dutra, H\u00e9lio Souza, Danilo Barros e Felipe Stanford.<\/p>\n","protected":false},"excerpt":{"rendered":"<p>Imagens: Wendel Fernandes, Cristyano Oliveira, Alyson fpv, Eduardo Mendon\u00e7a, Adriano Mendon\u00e7a &#8211; Equipe Avelar Sports<\/p>\n","protected":false},"author":2,"featured_media":55173,"comment_status":"open","ping_status":"open","sticky":true,"template":"","format":"standard","meta":{"footnotes":""},"categories":[12,20],"tags":[],"class_list":["post-55172","post","type-post","status-publish","format-standard","has-post-thumbnail","hentry","category-cidade","category-esporte"],"_links":{"self":[{"href":"https:\/\/tvc16.com\/portal\/wp-json\/wp\/v2\/posts\/55172","targetHints":{"allow":["GET"]}}],"collection":[{"href":"https:\/\/tvc16.com\/portal\/wp-json\/wp\/v2\/posts"}],"about":[{"href":"https:\/\/tvc16.com\/portal\/wp-json\/wp\/v2\/types\/post"}],"author":[{"embeddable":true,"href":"https:\/\/tvc16.com\/portal\/wp-json\/wp\/v2\/users\/2"}],"replies":[{"embeddable":true,"href":"https:\/\/tvc16.com\/portal\/wp-json\/wp\/v2\/comments?post=55172"}],"version-history":[{"count":2,"href":"https:\/\/tvc16.com\/portal\/wp-json\/wp\/v2\/posts\/55172\/revisions"}],"predecessor-version":[{"id":55177,"href":"https:\/\/tvc16.com\/portal\/wp-json\/wp\/v2\/posts\/55172\/revisions\/55177"}],"wp:featuredmedia":[{"embeddable":true,"href":"https:\/\/tvc16.com\/portal\/wp-json\/wp\/v2\/media\/55173"}],"wp:attachment":[{"href":"https:\/\/tvc16.com\/portal\/wp-json\/wp\/v2\/media?parent=55172"}],"wp:term":[{"taxonomy":"category","embeddable":true,"href":"https:\/\/tvc16.com\/portal\/wp-json\/wp\/v2\/categories?post=55172"},{"taxonomy":"post_tag","embeddable":true,"href":"https:\/\/tvc16.com\/portal\/wp-json\/wp\/v2\/tags?post=55172"}],"curies":[{"name":"wp","href":"https:\/\/api.w.org\/{rel}","templated":true}]}}