{"id":55178,"date":"2023-03-12T12:00:00","date_gmt":"2023-03-12T15:00:00","guid":{"rendered":"https:\/\/tvc16.com\/portal\/?p=55178"},"modified":"2023-03-11T22:16:06","modified_gmt":"2023-03-12T01:16:06","slug":"estado-tem-nova-secretaria-de-educacao","status":"publish","type":"post","link":"https:\/\/tvc16.com\/portal\/2023\/03\/12\/estado-tem-nova-secretaria-de-educacao\/","title":{"rendered":"Estado tem nova Secret\u00e1ria de Educa\u00e7\u00e3o"},"content":{"rendered":"\n<p>O governador Cl\u00e1udio Castro nomeou, na \u00faltima sexta-feira, 10, a professora Roberta Barreto como a nova secret\u00e1ria de Educa\u00e7\u00e3o do Estado do Rio de Janeiro. A mudan\u00e7a foi publicada em edi\u00e7\u00e3o extraordin\u00e1ria do Di\u00e1rio Oficial e busca adequar a administra\u00e7\u00e3o da pasta \u00e0s diretrizes do Governo.<\/p>\n\n\n\n<p>A titular da Secretaria \u00e9 servidora p\u00fablica efetiva das redes estadual e municipal de ensino de Duque de Caxias, na Baixada Fluminense, onde tamb\u00e9m atuou como secret\u00e1ria de Educa\u00e7\u00e3o por oito anos. Roberta \u00e9 graduada em Hist\u00f3ria, p\u00f3s-graduada em gest\u00e3o escolar e especialista em gest\u00e3o p\u00fablica.<\/p>\n\n\n\n<p>&#8211; Desejo um excelente trabalho para a nova secret\u00e1ria, professora Roberta. Com vasta experi\u00eancia no campo da educa\u00e7\u00e3o, tenho certeza que ela contribuir\u00e1 muito com o desenvolvimento de novas pol\u00edticas de ensino. Agrade\u00e7o \u00e0 professora Patr\u00edcia Reis, pelo empenho dedicado \u00e0 pasta \u2013 declarou o governador Cl\u00e1udio Castro.<\/p>\n\n\n\n<p>Com mais de 30 anos de carreira, Roberta ocupou diversos cargos nas esferas estadual e municipal de gest\u00e3o, entre eles diretora de escola, coordenadora regional da Uni\u00e3o dos Dirigentes Municipal de Educa\u00e7\u00e3o (UNDIME-RJ) e foi membro fundadora do F\u00f3rum de Combate \u00e0 Viol\u00eancia Contra a Mulher de Duque de Caxias. Tamb\u00e9m foi subsecret\u00e1ria de Estado de Desenvolvimento Social e subsecret\u00e1ria de Estado de Governo.<\/p>\n\n\n\n<p>&#8211; Como professora formada pela rede estadual de ensino, no Instituto de Educa\u00e7\u00e3o Roberto Silveira, de Duque de Caxias, \u00e9 uma grande honra poder contribuir diretamente para uma educa\u00e7\u00e3o p\u00fablica de qualidade. Saio dos bancos escolares para a gest\u00e3o p\u00fablica de ensino \u2013 disse a nova secret\u00e1ria.<\/p>\n","protected":false},"excerpt":{"rendered":"<p>O governador Cl\u00e1udio Castro nomeou, na \u00faltima sexta-feira, 10, a professora Roberta Barreto como a<\/p>\n","protected":false},"author":2,"featured_media":55179,"comment_status":"open","ping_status":"open","sticky":false,"template":"","format":"standard","meta":{"footnotes":""},"categories":[264,17,15],"tags":[],"class_list":["post-55178","post","type-post","status-publish","format-standard","has-post-thumbnail","hentry","category-destaque","category-outras-noticias","category-politica"],"_links":{"self":[{"href":"https:\/\/tvc16.com\/portal\/wp-json\/wp\/v2\/posts\/55178","targetHints":{"allow":["GET"]}}],"collection":[{"href":"https:\/\/tvc16.com\/portal\/wp-json\/wp\/v2\/posts"}],"about":[{"href":"https:\/\/tvc16.com\/portal\/wp-json\/wp\/v2\/types\/post"}],"author":[{"embeddable":true,"href":"https:\/\/tvc16.com\/portal\/wp-json\/wp\/v2\/users\/2"}],"replies":[{"embeddable":true,"href":"https:\/\/tvc16.com\/portal\/wp-json\/wp\/v2\/comments?post=55178"}],"version-history":[{"count":1,"href":"https:\/\/tvc16.com\/portal\/wp-json\/wp\/v2\/posts\/55178\/revisions"}],"predecessor-version":[{"id":55180,"href":"https:\/\/tvc16.com\/portal\/wp-json\/wp\/v2\/posts\/55178\/revisions\/55180"}],"wp:featuredmedia":[{"embeddable":true,"href":"https:\/\/tvc16.com\/portal\/wp-json\/wp\/v2\/media\/55179"}],"wp:attachment":[{"href":"https:\/\/tvc16.com\/portal\/wp-json\/wp\/v2\/media?parent=55178"}],"wp:term":[{"taxonomy":"category","embeddable":true,"href":"https:\/\/tvc16.com\/portal\/wp-json\/wp\/v2\/categories?post=55178"},{"taxonomy":"post_tag","embeddable":true,"href":"https:\/\/tvc16.com\/portal\/wp-json\/wp\/v2\/tags?post=55178"}],"curies":[{"name":"wp","href":"https:\/\/api.w.org\/{rel}","templated":true}]}}