{"id":55184,"date":"2023-03-12T15:00:00","date_gmt":"2023-03-12T18:00:00","guid":{"rendered":"https:\/\/tvc16.com\/portal\/?p=55184"},"modified":"2023-03-11T22:28:32","modified_gmt":"2023-03-12T01:28:32","slug":"base-operacional-descentralizada-do-samu-capital-e-inaugurada-na-ilha-do-governador","status":"publish","type":"post","link":"https:\/\/tvc16.com\/portal\/2023\/03\/12\/base-operacional-descentralizada-do-samu-capital-e-inaugurada-na-ilha-do-governador\/","title":{"rendered":"Base operacional descentralizada do SAMU Capital \u00e9 inaugurada na Ilha do Governador"},"content":{"rendered":"\n<p>O governador Cl\u00e1udio Castro e o secret\u00e1rio de Sa\u00fade Doutor Luizinho inauguraram, neste s\u00e1bado (11.03), uma base operacional do Servi\u00e7o de Atendimento M\u00f3vel de Urg\u00eancia (SAMU) na Ilha do Governador. A unidade \u00e9 a 21\u00aa base descentralizada em funcionamento na capital, onde o servi\u00e7o \u00e9 realizado pela Secretaria de Estado de Sa\u00fade.<\/p>\n\n\n\n<p>&#8211; Sabemos da import\u00e2ncia do atendimento r\u00e1pido para salvar vidas. As bases descentralizadas ficam em locais estrat\u00e9gicos para que possamos agilizar o socorro \u00e0 popula\u00e7\u00e3o daquela \u00e1rea. Essa \u00e9 a certeza de que as pessoas ter\u00e3o o atendimento quando precisarem. Isso vai impactar diretamente na efic\u00e1cia do socorro \u00e0s v\u00edtimas &#8211; ressaltou o governador Cl\u00e1udio Castro.&nbsp;<\/p>\n\n\n\n<p>A Base Operacional Ilha do Governador Alarico Moura \u201cAl\u00e1 Bike Man\u201d contar\u00e1 com uma UTI m\u00f3vel e tr\u00eas profissionais (1 m\u00e9dico, 1 enfermeiro e 1 condutor socorrista). O SAMU Capital registrou este ano mais de 31 mil ocorr\u00eancias e 220 envios de ambul\u00e2ncias, com uma m\u00e9dia 526 atendimentos por dia.<\/p>\n\n\n\n<p>&#8211; Estar aqui hoje entregando essa base operacional \u00e9 a certeza de que o SAMU 192 instalado vai salvar milhares de vidas na Ilha do Governador, em parceria obviamente, com as unidades de sa\u00fade. Essa base vai mudar o tempo de resposta no atendimento.&nbsp; Agrade\u00e7o a toda equipe do SAMU pela dedica\u00e7\u00e3o. Voc\u00eas resgataram a credibilidade do 192 no Rio de Janeiro \u2013 disse o secret\u00e1rio de Estado de Sa\u00fade, Doutor Luizinho.<\/p>\n\n\n\n<p>As novas bases operacionais fazem parte de um projeto que prev\u00ea a instala\u00e7\u00e3o de 40 bases avan\u00e7adas. Elas v\u00e3o ampliar ainda mais a capacidade de atua\u00e7\u00e3o e reduzir\u00e3o o tempo de resposta no atendimento.&nbsp;<\/p>\n\n\n\n<p>-Hoje \u00e9 um dia muito importante para o SAMU. A base da Ilha do Governador aumenta a capilaridade do nosso atendimento &#8211; destacou o coordenador geral do SAMU, coronel Luciano Sarmento.&nbsp;<\/p>\n\n\n\n<p>Esta \u00e9 a 21\u00ba base implantada desde abril de 2022. J\u00e1 est\u00e3o em funcionamento as bases da Muzema, S\u00e3o Crist\u00f3v\u00e3o, UPA Bangu, UPA Campo Grande 1, UPA Campo Grande 2, UPA Ricardo de Albuquerque, UPA Iraj\u00e1, UPA Marechal Hermes, Mar\u00e9, UPA Jacarepagu\u00e1, Instituto Estadual de Dermatologia Sanit\u00e1ria, Hospital Estadual Eduardo Rabelo, Alto da Boavista, UPA Botafogo, UPA Realengo, UPA Copacabana, UPA Tijuca, Lagoa, UPA Engenho Novo e UPA Santa Cruz.&nbsp;<\/p>\n\n\n\n<p>&#8211; A Funda\u00e7\u00e3o Sa\u00fade est\u00e1 investindo na instala\u00e7\u00e3o das bases descentralizadas do SAMU. \u00c9 uma grande conquista para a popula\u00e7\u00e3o da Ilha do Governador &#8211; disse a diretora administrativa da Funda\u00e7\u00e3o Sa\u00fade, Alessandra Pereira.&nbsp;<\/p>\n\n\n\n<p><strong>SAMU 100% RJ<\/strong><\/p>\n\n\n\n<p>O projeto SAMU 100%&nbsp; RJ, da SES-RJ, vai levar o SAMU a todo estado do Rio. Ser\u00e3o entregues 249 ve\u00edculos aos 92 munic\u00edpios do estado. Este ano, j\u00e1 foram entregues 160 ve\u00edculos para 50 munic\u00edpios. Em janeiro deste ano, o servi\u00e7o SAMU da capital recebeu 60 ambul\u00e2ncias.&nbsp;&nbsp;<\/p>\n\n\n\n<p><strong>Homenagem a ciclista<\/strong><\/p>\n\n\n\n<p>A base do SAMU Ilha do Governador Alarico Moura \u201cAl\u00e1 Bike Man\u201d funciona na Praia da Bandeira, S\/n\u00ba \u2013 Cocot\u00e1.&nbsp;<\/p>\n\n\n\n<p>Conhecido tamb\u00e9m como \u2018Al\u00e1 Bike Man\u2019 e chamado por muitos na Ilha do Governador de \u2018Lenda Viva\u2019, Alarico Moura conquistou diversos t\u00edtulos como Campe\u00e3o Brasileiro, Campe\u00e3o Iron Biker Brasil, entre outros. Em 1979, Alarico Moura foi v\u00edtima de um acidente, no qual um carro desgovernado o atingiu na cal\u00e7ada onde estava e, como consequ\u00eancia, teve a perna amputada. Superou todas as dificuldades e tornou-se atleta. Faleceu em 13 de janeiro deste ano, aos 77 anos.<\/p>\n","protected":false},"excerpt":{"rendered":"<p>O governador Cl\u00e1udio Castro e o secret\u00e1rio de Sa\u00fade Doutor Luizinho inauguraram, neste s\u00e1bado (11.03),<\/p>\n","protected":false},"author":2,"featured_media":55185,"comment_status":"open","ping_status":"open","sticky":false,"template":"","format":"standard","meta":{"footnotes":""},"categories":[264,17],"tags":[],"class_list":["post-55184","post","type-post","status-publish","format-standard","has-post-thumbnail","hentry","category-destaque","category-outras-noticias"],"_links":{"self":[{"href":"https:\/\/tvc16.com\/portal\/wp-json\/wp\/v2\/posts\/55184","targetHints":{"allow":["GET"]}}],"collection":[{"href":"https:\/\/tvc16.com\/portal\/wp-json\/wp\/v2\/posts"}],"about":[{"href":"https:\/\/tvc16.com\/portal\/wp-json\/wp\/v2\/types\/post"}],"author":[{"embeddable":true,"href":"https:\/\/tvc16.com\/portal\/wp-json\/wp\/v2\/users\/2"}],"replies":[{"embeddable":true,"href":"https:\/\/tvc16.com\/portal\/wp-json\/wp\/v2\/comments?post=55184"}],"version-history":[{"count":1,"href":"https:\/\/tvc16.com\/portal\/wp-json\/wp\/v2\/posts\/55184\/revisions"}],"predecessor-version":[{"id":55186,"href":"https:\/\/tvc16.com\/portal\/wp-json\/wp\/v2\/posts\/55184\/revisions\/55186"}],"wp:featuredmedia":[{"embeddable":true,"href":"https:\/\/tvc16.com\/portal\/wp-json\/wp\/v2\/media\/55185"}],"wp:attachment":[{"href":"https:\/\/tvc16.com\/portal\/wp-json\/wp\/v2\/media?parent=55184"}],"wp:term":[{"taxonomy":"category","embeddable":true,"href":"https:\/\/tvc16.com\/portal\/wp-json\/wp\/v2\/categories?post=55184"},{"taxonomy":"post_tag","embeddable":true,"href":"https:\/\/tvc16.com\/portal\/wp-json\/wp\/v2\/tags?post=55184"}],"curies":[{"name":"wp","href":"https:\/\/api.w.org\/{rel}","templated":true}]}}