{"id":55200,"date":"2023-03-12T17:00:00","date_gmt":"2023-03-12T20:00:00","guid":{"rendered":"https:\/\/tvc16.com\/portal\/?p=55200"},"modified":"2023-03-12T11:40:26","modified_gmt":"2023-03-12T14:40:26","slug":"acao-no-sul-do-pais-liberta-56-pessoas-submetidas-a-trabalho-escravo","status":"publish","type":"post","link":"https:\/\/tvc16.com\/portal\/2023\/03\/12\/acao-no-sul-do-pais-liberta-56-pessoas-submetidas-a-trabalho-escravo\/","title":{"rendered":"A\u00e7\u00e3o no sul do pa\u00eds liberta 56 pessoas submetidas a trabalho escravo"},"content":{"rendered":"\n<p><strong><em>Alex Rodrigues &#8211; Ag\u00eancia Brasil &#8211; Bras\u00edlia<\/em><\/strong><\/p>\n\n\n\n<p>Uma den\u00fancia levou servidores dos minist\u00e9rios P\u00fablico do Trabalho (MPT) e do Trabalho e Emprego (MTE) a libertar 56 pessoas submetidas a condi\u00e7\u00f5es laborais semelhantes \u00e0 escravid\u00e3o em Uruguaiana (RS).<img decoding=\"async\" src=\"https:\/\/agenciabrasil.ebc.com.br\/ebc.png?id=1515674&amp;o=node\"><img decoding=\"async\" src=\"https:\/\/agenciabrasil.ebc.com.br\/ebc.gif?id=1515674&amp;o=node\"><\/p>\n\n\n\n<p>Dos 56 trabalhadores resgatados nesta sexta-feira (10), dez tinham entre 14 e 17 anos de idade. As v\u00edtimas da escravid\u00e3o contempor\u00e2nea trabalhavam em duas fazendas de arroz das est\u00e2ncias Santa Adelaide e S\u00e3o Joaquim, na cidade ga\u00facha.<\/p>\n\n\n\n<p>Segundo o MPT, al\u00e9m de n\u00e3o receberem dos empregadores os equipamentos de prote\u00e7\u00e3o necess\u00e1rios e os instrumentos adequados para colher o cereal ou aplicar agrot\u00f3xicos na planta\u00e7\u00e3o, os trabalhadores n\u00e3o eram registrados. E antes mesmo do in\u00edcio da jornada de trabalho, tinham que andar longas dist\u00e2ncias sob o sol para chegar \u00e0s \u00e1reas de plantio.<\/p>\n\n\n\n<figure class=\"wp-block-image size-full\"><img loading=\"lazy\" decoding=\"async\" width=\"463\" height=\"260\" src=\"https:\/\/tvc16.com\/portal\/wp-content\/uploads\/2023\/03\/resgatados_em_rs_2_foto_comunicacao_social_pf.jpeg\" alt=\"\" class=\"wp-image-55202\" srcset=\"https:\/\/tvc16.com\/portal\/wp-content\/uploads\/2023\/03\/resgatados_em_rs_2_foto_comunicacao_social_pf.jpeg 463w, https:\/\/tvc16.com\/portal\/wp-content\/uploads\/2023\/03\/resgatados_em_rs_2_foto_comunicacao_social_pf-300x168.jpeg 300w\" sizes=\"auto, (max-width: 463px) 100vw, 463px\" \/><figcaption class=\"wp-element-caption\"><em>Trabalhadores escravos resgatados em fazenda no Rio Grande do Sul. &#8211;\u00a0<\/em>Comunica\u00e7\u00e3o Social PF<\/figcaption><\/figure>\n\n\n\n<p>A opera\u00e7\u00e3o, que contou com o apoio da Pol\u00edcia Federal (PF), resultou no maior n\u00famero de pessoas resgatadas de condi\u00e7\u00f5es an\u00e1logas \u00e0 escravid\u00e3o j\u00e1 registrado em Uruguaiana. De acordo com o MPT, os trabalhadores foram recrutados para o servi\u00e7o por um agenciador que procura m\u00e3o de obra em cidades da regi\u00e3o, como Itaqui, S\u00e3o Borja, Alegrete e na pr\u00f3pria Uruguaiana.<\/p>\n\n\n\n<p>Ainda segundo o Minist\u00e9rio P\u00fablico, as v\u00edtimas relataram que recebiam R$ 100 por dia, mas tinham que pagar pela comida e at\u00e9 mesmo por parte das ferramentas de trabalho que utilizavam. \u201cNessas condi\u00e7\u00f5es, a comida estragava constantemente e os trabalhadores n\u00e3o comiam nada o dia inteiro. Se algum deles adoecesse, teria remunera\u00e7\u00e3o descontada\u201d.<\/p>\n\n\n\n<p>Em nota, o MPT tamb\u00e9m afirma que, segundo os relatos das v\u00edtimas, um adolescente sofreu um acidente enquanto manuseava um fac\u00e3o para colher o arroz, tendo perdido parcialmente os movimentos de um dos p\u00e9s.<\/p>\n\n\n\n<p>O homem respons\u00e1vel por intermediar a contrata\u00e7\u00e3o dos trabalhadores foi preso em flagrante, acusado de submeter pessoas \u00e0 condi\u00e7\u00e3o an\u00e1loga a de escravid\u00e3o (Art. 149 do C\u00f3digo Penal). Os donos das duas fazendas ser\u00e3o notificados para assinar a carteira de trabalho dos resgatados e pagar as devidas verbas rescis\u00f3rias. O MPT ainda pretende pedir na Justi\u00e7a que os fazendeiros sejam obrigados a indenizar as v\u00edtimas por danos morais individuais e coletivos.<\/p>\n\n\n\n<p>J\u00e1 os trabalhadores foram encaminhados de volta a suas casas e v\u00e3o receber de imediato tr\u00eas parcelas de seguro-desemprego.<\/p>\n","protected":false},"excerpt":{"rendered":"<p>Alex Rodrigues &#8211; Ag\u00eancia Brasil &#8211; Bras\u00edlia Uma den\u00fancia levou servidores dos minist\u00e9rios P\u00fablico do<\/p>\n","protected":false},"author":2,"featured_media":55201,"comment_status":"open","ping_status":"open","sticky":false,"template":"","format":"standard","meta":{"footnotes":""},"categories":[264,17,14],"tags":[],"class_list":["post-55200","post","type-post","status-publish","format-standard","has-post-thumbnail","hentry","category-destaque","category-outras-noticias","category-pais"],"_links":{"self":[{"href":"https:\/\/tvc16.com\/portal\/wp-json\/wp\/v2\/posts\/55200","targetHints":{"allow":["GET"]}}],"collection":[{"href":"https:\/\/tvc16.com\/portal\/wp-json\/wp\/v2\/posts"}],"about":[{"href":"https:\/\/tvc16.com\/portal\/wp-json\/wp\/v2\/types\/post"}],"author":[{"embeddable":true,"href":"https:\/\/tvc16.com\/portal\/wp-json\/wp\/v2\/users\/2"}],"replies":[{"embeddable":true,"href":"https:\/\/tvc16.com\/portal\/wp-json\/wp\/v2\/comments?post=55200"}],"version-history":[{"count":1,"href":"https:\/\/tvc16.com\/portal\/wp-json\/wp\/v2\/posts\/55200\/revisions"}],"predecessor-version":[{"id":55203,"href":"https:\/\/tvc16.com\/portal\/wp-json\/wp\/v2\/posts\/55200\/revisions\/55203"}],"wp:featuredmedia":[{"embeddable":true,"href":"https:\/\/tvc16.com\/portal\/wp-json\/wp\/v2\/media\/55201"}],"wp:attachment":[{"href":"https:\/\/tvc16.com\/portal\/wp-json\/wp\/v2\/media?parent=55200"}],"wp:term":[{"taxonomy":"category","embeddable":true,"href":"https:\/\/tvc16.com\/portal\/wp-json\/wp\/v2\/categories?post=55200"},{"taxonomy":"post_tag","embeddable":true,"href":"https:\/\/tvc16.com\/portal\/wp-json\/wp\/v2\/tags?post=55200"}],"curies":[{"name":"wp","href":"https:\/\/api.w.org\/{rel}","templated":true}]}}