{"id":5521,"date":"2020-11-13T09:11:41","date_gmt":"2020-11-13T12:11:41","guid":{"rendered":"https:\/\/tvc16.com\/portal\/?p=5521"},"modified":"2020-11-13T09:11:43","modified_gmt":"2020-11-13T12:11:43","slug":"mais-duas-pessoas-morrem-por-covid-19-em-petropolis-4","status":"publish","type":"post","link":"https:\/\/tvc16.com\/portal\/2020\/11\/13\/mais-duas-pessoas-morrem-por-covid-19-em-petropolis-4\/","title":{"rendered":"Mais duas pessoas morrem por Covid-19 em Petr\u00f3polis"},"content":{"rendered":"\n<p>Mais dois \u00f3bitos por covid-19 foram confirmados nesta quinta-feira (12) em Petr\u00f3polis. Com isso, o n\u00famero de mortes pela doen\u00e7a chega a 286. Foram registrados tamb\u00e9m, mais 20 casos do novo coronav\u00edrus. A cidade totaliza, agora, 8.214 pessoas infectadas desde o in\u00edcio da pandemia, em mar\u00e7o. Os dados s\u00e3o da Secretaria Municipal de Sa\u00fade.<\/p>\n\n\n\n<p>O primeiro \u00f3bito divulgado ocorreu na ter\u00e7a-feira (10), no Hospital Municipal Dr. N\u00e9lson de S\u00e1 Earp (HMNSE). Trata-se de uma moradora do Bairro da Gl\u00f3ria, de 73 anos, com hist\u00f3rico de diabetes. O segundo \u00f3bito \u00e9 de um homem, de 67 anos, morador do Floresta. Ele estava internado no Hospital Cl\u00ednico de Corr\u00eaas (HCC) e faleceu no dia 29 de outubro. Paciente tinha epilepsia e doen\u00e7a neurol\u00f3gica cr\u00f4nica.<\/p>\n\n\n\n<p>De acordo com o boletim epidemiol\u00f3gico, foram realizados 72.886 testes na cidade. Desses, 63.849 resultaram negativos, 8.214 positivos e 823 est\u00e3o em an\u00e1lise, entre PCR e testes r\u00e1pidos. H\u00e1 54 pacientes internados na cidade, podendo ser casos positivos ou ainda em investiga\u00e7\u00e3o esperando o resultado do teste.<\/p>\n\n\n\n<p>Desde o in\u00edcio da pandemia, at\u00e9 o momento podemos 6.723 pessoas est\u00e3o recuperadas do coronav\u00edrus. Esse n\u00famero se refere \u00e0s pessoas que estiveram internadas nas unidades hospitalares da cidade ou que se mantiveram em isolamento domiciliar e que, hoje, n\u00e3o apresentam mais os principais sintomas da doen\u00e7a.<\/p>\n\n\n\n<p>Nesta quinta-feira o munic\u00edpio contabilizava pelo SUS 25,93% dos leitos cl\u00ednicos e 27,14% de UTI ocupados com pacientes infectados com coronav\u00edrus.<\/p>\n\n\n\n<p>A Secretaria de Sa\u00fade ressalta que os n\u00fameros de pacientes internados s\u00e3o referentes a todos os hospitais de Petr\u00f3polis, incluindo os particulares. J\u00e1 a taxa apresentada na tabela identifica a ocupa\u00e7\u00e3o dos leitos disponibilizados somente pelo SUS. Por essa raz\u00e3o, mesmo que haja oscila\u00e7\u00e3o no n\u00famero de internados, n\u00e3o necessariamente a taxa de ocupa\u00e7\u00e3o ser\u00e1 alterada.<\/p>\n","protected":false},"excerpt":{"rendered":"<p>Mais dois \u00f3bitos por covid-19 foram confirmados nesta quinta-feira (12) em Petr\u00f3polis. Com isso, o<\/p>\n","protected":false},"author":2,"featured_media":5522,"comment_status":"open","ping_status":"open","sticky":false,"template":"","format":"standard","meta":{"footnotes":""},"categories":[12],"tags":[],"class_list":["post-5521","post","type-post","status-publish","format-standard","has-post-thumbnail","hentry","category-cidade"],"_links":{"self":[{"href":"https:\/\/tvc16.com\/portal\/wp-json\/wp\/v2\/posts\/5521","targetHints":{"allow":["GET"]}}],"collection":[{"href":"https:\/\/tvc16.com\/portal\/wp-json\/wp\/v2\/posts"}],"about":[{"href":"https:\/\/tvc16.com\/portal\/wp-json\/wp\/v2\/types\/post"}],"author":[{"embeddable":true,"href":"https:\/\/tvc16.com\/portal\/wp-json\/wp\/v2\/users\/2"}],"replies":[{"embeddable":true,"href":"https:\/\/tvc16.com\/portal\/wp-json\/wp\/v2\/comments?post=5521"}],"version-history":[{"count":1,"href":"https:\/\/tvc16.com\/portal\/wp-json\/wp\/v2\/posts\/5521\/revisions"}],"predecessor-version":[{"id":5523,"href":"https:\/\/tvc16.com\/portal\/wp-json\/wp\/v2\/posts\/5521\/revisions\/5523"}],"wp:featuredmedia":[{"embeddable":true,"href":"https:\/\/tvc16.com\/portal\/wp-json\/wp\/v2\/media\/5522"}],"wp:attachment":[{"href":"https:\/\/tvc16.com\/portal\/wp-json\/wp\/v2\/media?parent=5521"}],"wp:term":[{"taxonomy":"category","embeddable":true,"href":"https:\/\/tvc16.com\/portal\/wp-json\/wp\/v2\/categories?post=5521"},{"taxonomy":"post_tag","embeddable":true,"href":"https:\/\/tvc16.com\/portal\/wp-json\/wp\/v2\/tags?post=5521"}],"curies":[{"name":"wp","href":"https:\/\/api.w.org\/{rel}","templated":true}]}}