{"id":55210,"date":"2023-03-12T14:30:00","date_gmt":"2023-03-12T17:30:00","guid":{"rendered":"https:\/\/tvc16.com\/portal\/?p=55210"},"modified":"2023-03-12T13:57:59","modified_gmt":"2023-03-12T16:57:59","slug":"petropolis-registra-saldo-negativo-de-129-empregos-formais-em-janeiro","status":"publish","type":"post","link":"https:\/\/tvc16.com\/portal\/2023\/03\/12\/petropolis-registra-saldo-negativo-de-129-empregos-formais-em-janeiro\/","title":{"rendered":"Petr\u00f3polis registra saldo negativo de -129 empregos formais em janeiro"},"content":{"rendered":"\n<p><strong><em>Larissa Martins<\/em><\/strong><\/p>\n\n\n\n<p>Dados do Cadastro Geral de Empregados e Desempregados (Novo CAGED) mostram que em janeiro deste ano, Petr\u00f3polis registrou 2.167 admiss\u00f5es e 2.296 desligamentos. Devido ao n\u00famero de demiss\u00f5es de trabalhadores sendo maior que o n\u00famero de contrata\u00e7\u00f5es, o munic\u00edpio teve saldo negativo de -129 postos de empregos formais. O estoque foi de 63.654.<\/p>\n\n\n\n<p>O setor de servi\u00e7os foi o maior gerador de empregos, respons\u00e1vel por 1.114 contrata\u00e7\u00f5es. Seguido pelo com\u00e9rcio que rendeu 519 oportunidades; a ind\u00fastria gerou 331 empregos; a constru\u00e7\u00e3o foi respons\u00e1vel por 190 vagas e a agropecu\u00e1ria gerou 13 novas vagas ocupadas.<\/p>\n\n\n\n<p>Destes n\u00fameros, os homens lideram o ranking de admiss\u00f5es representando 1.142, do n\u00famero total, enquanto as mulheres representam 1.025 admiss\u00f5es.<\/p>\n\n\n\n<p>Apesar disso, o setor de servi\u00e7os tamb\u00e9m foi o maior respons\u00e1vel por demitir trabalhadores com 1.103 desligamentos. O saldo gerado foi de 11 e o estoque de 31.418. No com\u00e9rcio foram 685 pessoas demitidas, gerando um saldo negativo de -166 e estoque de 15.776.<\/p>\n\n\n\n<p>Em seguida aparece a ind\u00fastria respons\u00e1vel por 285 demiss\u00f5es e saldo positivo de 46. O estoque foi de 13.150. Na \u00e1rea de constru\u00e7\u00e3o foram 208 desligamentos que geraram saldo negativo de -18. O estoque ficou em 2.846. Na agropecu\u00e1ria 15 trabalhadores foram dispensados. O saldo ficou em negativo com -2 e o estoque foi de 464.<\/p>\n\n\n\n<p>J\u00e1 em rela\u00e7\u00e3o aos desligamentos os homens tamb\u00e9m lideram o ranking com 1.240 desligamentos, enquanto as mulheres representam 1.056 demiss\u00f5es, segundo o CAGED.<\/p>\n\n\n\n<p>Com o alto \u00edndice de demiss\u00f5es, quem n\u00e3o tem uma renda fixa precisa empreender para ganhar um dinheiro extra. Assim, como Caroline Cordeiro, que \u00e9 vendedora de rua h\u00e1 cinco anos. Segundo ela, tudo come\u00e7ou depois que ficou desempregada e uma amiga deu a ideia de virar empreendedora. \u201cEu era vendedora de roupas em uma loja e fui demitida. A partir desse momento, uma amiga me deu a ideia de vender doces. Iniciamos vendendo trufas, e ent\u00e3o, fizemos bolos de pote tamb\u00e9m para testarmos. Os clientes aprovaram e pediram pra fazermos bolos de anivers\u00e1rio. Desde ent\u00e3o, as vendas alavancaram. Agora, vendemos bolos, ovos de P\u00e1scoa, docinhos de festa, sandu\u00edche natural e muito outros produtos. Atualmente s\u00e3o mais de 100 clientes fixos que, semanalmente, compram os doces. No in\u00edcio n\u00e3o foi f\u00e1cil, mas para quem quer iniciar nesse ramo a minha dica \u00e9: n\u00e3o desistir\u201d, conta, a vendedora.<\/p>\n\n\n\n<p>O empreendimento deu t\u00e3o certo que hoje em dia, Caroline tamb\u00e9m faz produtos voltados para datas comemorativas. Inclusive, a agenda est\u00e1 aberta para encomendas de ovos de p\u00e1scoa e os pedidos n\u00e3o param de chegar. \u201cJ\u00e1 abri a agenda para que os clientes encomendem com anteced\u00eancia, porque nessa \u00e9poca do ano viramos a noite preparando os pedidos. Ent\u00e3o, precisamos de tempo para produzirmos tudo e entregarmos com calma, principalmente os ovos grandes que demandam mais cuidado e tempo. Nosso objetivo \u00e9 que os clientes fiquem satisfeitos e aproveitem os chocolates\u201d, conclui.<\/p>\n","protected":false},"excerpt":{"rendered":"<p>Larissa Martins Dados do Cadastro Geral de Empregados e Desempregados (Novo CAGED) mostram que em<\/p>\n","protected":false},"author":2,"featured_media":55211,"comment_status":"open","ping_status":"open","sticky":false,"template":"","format":"standard","meta":{"footnotes":""},"categories":[12,18,15],"tags":[],"class_list":["post-55210","post","type-post","status-publish","format-standard","has-post-thumbnail","hentry","category-cidade","category-economia","category-politica"],"_links":{"self":[{"href":"https:\/\/tvc16.com\/portal\/wp-json\/wp\/v2\/posts\/55210","targetHints":{"allow":["GET"]}}],"collection":[{"href":"https:\/\/tvc16.com\/portal\/wp-json\/wp\/v2\/posts"}],"about":[{"href":"https:\/\/tvc16.com\/portal\/wp-json\/wp\/v2\/types\/post"}],"author":[{"embeddable":true,"href":"https:\/\/tvc16.com\/portal\/wp-json\/wp\/v2\/users\/2"}],"replies":[{"embeddable":true,"href":"https:\/\/tvc16.com\/portal\/wp-json\/wp\/v2\/comments?post=55210"}],"version-history":[{"count":1,"href":"https:\/\/tvc16.com\/portal\/wp-json\/wp\/v2\/posts\/55210\/revisions"}],"predecessor-version":[{"id":55212,"href":"https:\/\/tvc16.com\/portal\/wp-json\/wp\/v2\/posts\/55210\/revisions\/55212"}],"wp:featuredmedia":[{"embeddable":true,"href":"https:\/\/tvc16.com\/portal\/wp-json\/wp\/v2\/media\/55211"}],"wp:attachment":[{"href":"https:\/\/tvc16.com\/portal\/wp-json\/wp\/v2\/media?parent=55210"}],"wp:term":[{"taxonomy":"category","embeddable":true,"href":"https:\/\/tvc16.com\/portal\/wp-json\/wp\/v2\/categories?post=55210"},{"taxonomy":"post_tag","embeddable":true,"href":"https:\/\/tvc16.com\/portal\/wp-json\/wp\/v2\/tags?post=55210"}],"curies":[{"name":"wp","href":"https:\/\/api.w.org\/{rel}","templated":true}]}}