{"id":55216,"date":"2023-03-12T18:00:00","date_gmt":"2023-03-12T21:00:00","guid":{"rendered":"https:\/\/tvc16.com\/portal\/?p=55216"},"modified":"2023-03-12T14:32:07","modified_gmt":"2023-03-12T17:32:07","slug":"orquestra-mariuccia-iacovino-se-apresenta-no-sesc-quitandinha-com-entrada-franca","status":"publish","type":"post","link":"https:\/\/tvc16.com\/portal\/2023\/03\/12\/orquestra-mariuccia-iacovino-se-apresenta-no-sesc-quitandinha-com-entrada-franca\/","title":{"rendered":"Orquestra Mariuccia Iacovino se apresenta no Sesc Quitandinha com entrada franca"},"content":{"rendered":"\n<p>O anivers\u00e1rio de Petr\u00f3polis ser\u00e1 comemorado em grande estilo na quinta-feira, dia 16, \u00e0s 19h, no Teatro Mecanizado do Sesc Quitandinha, com a apresenta\u00e7\u00e3o da Orquestra Sinf\u00f4nica Mariuccia Iacovino, com entrada franca.<\/p>\n\n\n\n<p>Local mais que emblem\u00e1tico, pelos sal\u00f5es do at\u00e9 ent\u00e3o Hotel Quitandinha j\u00e1 circularam astros e estrelas como Virg\u00ednia Lane, Grande Otelo, Carmem Miranda, Greta Garbo, Trio de Ouro \u2013 formado por Herivelto Martins, Nilo Chagas e Dalva de Oliveira, Orquestra Tabajara, Lana Turner, entre tantos outros.<\/p>\n\n\n\n<p>Desde 2007 \u00e9 administrado pelo Sesc RJ, que, al\u00e9m de recuperar as instala\u00e7\u00f5es, deu continuidade a este importante ponto tur\u00edstico, sendo refer\u00eancia nas \u00e1reas de Assist\u00eancia, Cultura, Educa\u00e7\u00e3o, Lazer e Sa\u00fade. Nada mais natural que a festa pelos 180 anos da cidade imperial aconte\u00e7a neste importante espa\u00e7o de cultura e lazer, com realiza\u00e7\u00e3o do Instituto Dell\u2019Arte. Sempre com o intuito de estimular a popula\u00e7\u00e3o, o evento tem entrada franca e apresenta uma grande atra\u00e7\u00e3o.<\/p>\n\n\n\n<p>Formada em 1995, a partir da inclus\u00e3o de seu projeto na ONG Orquestrando a Vida, a Orquestra Sinf\u00f4nica Mariuccia Iacovino, de Campos dos Goytacazes (RJ), com dire\u00e7\u00e3o geral do maestro Jony William Villela Vianna, dire\u00e7\u00e3o art\u00edstica de Hodyllon Martins e reg\u00eancia do maestro Brian Fleming, apresenta um programa ecl\u00e9tico, com temas de Baden-Powell e Vinicius de Moraes, Gonzaguinha, Shostakovich, Alberto Ginastera, Freddy Mercury, Tchaikovsky, dentre outros grandes compositores.<\/p>\n\n\n\n<p>A turn\u00ea Orquestrando a Vida 2023 passa por sete cidades fluminenses e tamb\u00e9m na capital, entre mar\u00e7o e maio. Depois da apresenta\u00e7\u00e3o no Rio de Janeiro, Nova Friburgo e Petr\u00f3polis, a Orquestra Sinf\u00f4nica Mariuccia Iacovino far\u00e1 uma apresenta\u00e7\u00e3o especial na Igreja de S\u00e3o Francisco de Assis em 28 de mar\u00e7o, durante a comemora\u00e7\u00e3o de sua cidade natal, Campos. Virando o m\u00eas, no dia primeiro de abril, a Praia de Imbituba, em Maca\u00e9, ser\u00e1 palco de outro concerto, e, em seguida, dia 5 de abril, Niter\u00f3i receber\u00e1 a OSMI no Teatro Municipal. Itaperuna tamb\u00e9m est\u00e1 inclu\u00edda na turn\u00ea, com apresenta\u00e7\u00e3o dia 14 de abril, no Cristo Redentor. E para encerrar em grande estilo, Campos ter\u00e1 um repeteco em maio.<\/p>\n\n\n\n<p>A turn\u00ea \u00e9 apresentada pelo Santander e tem patroc\u00ednio do Grupo \u00c1guas do Brasil, Enel, Arteris, secretaria de Cultura e Economia Criativa, Governo do Estado do Rio de Janeiro, produ\u00e7\u00e3o da Dellarte, apoio do Orquestrando a Vida, Sicom\u00e9rcio (Sindicato do Com\u00e9rcio Varejista de Petr\u00f3polis), Sind Petr\u00f3polis (Sindicato de Alimenta\u00e7\u00e3o de Petr\u00f3polis), realiza\u00e7\u00e3o do Instituto Dell&#8217;Arte e Minist\u00e9rio da Cultura, Governo Federal Brasil Uni\u00e3o e Reconstru\u00e7\u00e3o.<\/p>\n\n\n\n<p>&#8220;Em mais um evento importante, o Sesc refor\u00e7a o seu compromisso de trazer para a nossa cidade eventos culturais que aproximam moradores e visitantes dessa atmosfera de comemora\u00e7\u00e3o em alto estilo pelo anivers\u00e1rio da cidade imperial. Oportunidade \u00fanica para conferir essa atra\u00e7\u00e3o com entrada franca. O Sicom\u00e9rcio Petr\u00f3polis agradece ao Instituto Dell&#8217;Arte pelo est\u00edmulo \u00e0 cultura e responsabilidade social atrav\u00e9s de apresenta\u00e7\u00f5es art\u00edsticas&#8221;, diz o presidente do Sicom\u00e9rcio Petr\u00f3polis, Marcelo Fiorini.<\/p>\n\n\n\n<p><strong>Orquestrando a Vida<\/strong><\/p>\n\n\n\n<p>Fundado pelo maestro Jony William, o projeto social Orquestrando a Vida \u201cEl Sistema Brasileiro\u201d foi implantado em Campos dos Goytacazes h\u00e1 28 anos nos moldes do \u201cEl Sistema\u201d venezuelano. O objetivo do projeto \u00e9 promover o aprendizado musical e a pr\u00e1tica art\u00edstica, trazendo aos jovens envolvidos uma nova perspectiva de vida com a inclus\u00e3o social, o desenvolvimento art\u00edstico-musical e a forma\u00e7\u00e3o do car\u00e1ter, com a\u00e7\u00f5es que visam ocupar o tempo, encorajando, motivando-os ao estudo e promovendo-os para o mercado de trabalho. O projeto contribui para atingir os Objetivos do Desenvolvimento Sustent\u00e1vel (ODS) da ONU, como a erradica\u00e7\u00e3o da pobreza (ODS 1), educa\u00e7\u00e3o de qualidade (ODS 4), trabalho decente e crescimento econ\u00f4mico (ODS 8). Hoje, o projeto atende 350 crian\u00e7as e adolescentes na faixa et\u00e1ria dos 6 a 17 anos, matriculados no ensino fundamental e m\u00e9dio na rede p\u00fablica de ensino, com renda familiar de at\u00e9 1\/\u00bd sal\u00e1rio-m\u00ednimo e em situa\u00e7\u00e3o de vulnerabilidade social, do munic\u00edpio de Campos dos Goytacazes, estado do Rio de Janeiro.<\/p>\n\n\n\n<p><strong>Orquestra Sinf\u00f4nica Mariuccia Iacovino<\/strong><\/p>\n\n\n\n<p>Em 2011, sob a reg\u00eancia do maestro Gustavo Dudamel, a Orquestra Sinf\u00f4nica Mariuccia Iacovino abriu as comemora\u00e7\u00f5es dos 102 anos do Theatro Municipal do Rio de Janeiro, realizando um concerto em homenagem ao maestro Jos\u00e9 Antonio Abreu, fundador do \u201cEl Sistema\u201d e da Orquestra Sim\u00f3n Bol\u00edvar. Neste mesmo ano, os m\u00fasicos de Campos participaram de uma turn\u00ea pelos Estados Unidos, encerrada com uma apresenta\u00e7\u00e3o no Carnegie Hall, em Nova Iorque. A Orquestra Sinf\u00f4nica Mariuccia Iacovino, da OSC Orquestrando a Vida, j\u00e1 realizou diversas turn\u00eas internacionais como em Portugal, onde se apresentou no Pal\u00e1cio de Matheus, Conservat\u00f3rio de Coimbra, Conservat\u00f3rio Nacional de M\u00fasica, encerrando com um concerto no Teatro Nacional de S\u00e3o Carlos e tamb\u00e9m na Am\u00e9rica Latina, como Paraguai, Argentina e Bol\u00edvia. Em 2013 se apresentaram para o Papa Francisco durante a Jornada Mundial da Juventude, na Praia de Copacabana, com um p\u00fablico estimado de mais de tr\u00eas milh\u00f5es de pessoas. Tamb\u00e9m participaram em tr\u00eas edi\u00e7\u00f5es da campanha Crian\u00e7a Esperan\u00e7a, promovida pela TV Globo em parceria com a UNESCO. Em 2022, a OSMI realizou uma turn\u00ea, com grande \u00eaxito, pelas seguintes cidades fluminenses: Niter\u00f3i, Quissam\u00e3, Campos dos Goytacazes, Rio das Ostras e Maca\u00e9.<\/p>\n\n\n\n<p><strong>Jony William Villela Vianna \u2013 Presidente e Diretor Geral<\/strong><br>Fundador e Diretor Presidente do Centro Cultura Musical de Campos-RJ, Doutor em Causas Human\u00edstica Internacionais &#8211; Ph.l. Fil\u00f3sofo Imortal, diretor geral e idealizador do Festival Internacional de M\u00fasica de Inverno de Campos-RJ \u2013 FEMUSICA, atuou junto \u00e0 Orquestra Sinf\u00f4nica Ibero-Americana (Venezuela), vencedor do Pr\u00eamio Anchieta como T\u00edtulo de melhor de 2004 pelo Congresso da Sociedade de Cultura Latina \u2013 Se\u00e7\u00e3o Brasil, vencedor do Pr\u00eamio Cultura do Estado do Rio de Janeiro. \u00c9 Bacharel em M\u00fasica e Licenciado em Educa\u00e7\u00e3o Musical, pela FTB &#8211; S\u00e3o Paulo e pelo Conservat\u00f3rio Brasileiro de M\u00fasica-RJ. Desde 2008 \u00e9 diretor geral da Orquestra Sinf\u00f4nica Mariuccia Iacovino.<\/p>\n\n\n\n<p><strong>Hodyllon Martins &#8211; Diretor Art\u00edstico<\/strong><br>Na sua trajet\u00f3ria como violinista \u00e9 integrante da Orquestra Sinf\u00f4nica Mariuccia Iacovino e pertenceu \u00e0 Orquestra Municipal de Campos dos Goytacazes onde participou de concertos em palcos de renome no cen\u00e1rio nacional e internacional. Aperfei\u00e7oou seus estudos de reg\u00eancia com os maestros Luis Mauricio Carneiro e Samuel Robles. \u00c9 licenciado em m\u00fasica pela Universidade Metropolitana de Santos.<\/p>\n\n\n\n<p>SERVI\u00c7O:<br>Turn\u00ea Orquestrando a Vida 2023 <\/p>\n\n\n\n<p>Orquestra Sinf\u00f4nica Mariuccia Iacovino<\/p>\n\n\n\n<p>Data: quinta-feira, 16 de mar\u00e7o, \u00e0s 19h.<br>Local: Teatro Mecanizado &#8211; Sesc Quitandinha<br>Av. Joaquim Rolla, 2 &#8211; Quitandinha<br>Tel. 24 &#8211; 2245-2020<\/p>\n","protected":false},"excerpt":{"rendered":"<p>O anivers\u00e1rio de Petr\u00f3polis ser\u00e1 comemorado em grande estilo na quinta-feira, dia 16, \u00e0s 19h,<\/p>\n","protected":false},"author":2,"featured_media":55217,"comment_status":"open","ping_status":"open","sticky":false,"template":"","format":"standard","meta":{"footnotes":""},"categories":[12,21,264,118],"tags":[],"class_list":["post-55216","post","type-post","status-publish","format-standard","has-post-thumbnail","hentry","category-cidade","category-cultura","category-destaque","category-programacao"],"_links":{"self":[{"href":"https:\/\/tvc16.com\/portal\/wp-json\/wp\/v2\/posts\/55216","targetHints":{"allow":["GET"]}}],"collection":[{"href":"https:\/\/tvc16.com\/portal\/wp-json\/wp\/v2\/posts"}],"about":[{"href":"https:\/\/tvc16.com\/portal\/wp-json\/wp\/v2\/types\/post"}],"author":[{"embeddable":true,"href":"https:\/\/tvc16.com\/portal\/wp-json\/wp\/v2\/users\/2"}],"replies":[{"embeddable":true,"href":"https:\/\/tvc16.com\/portal\/wp-json\/wp\/v2\/comments?post=55216"}],"version-history":[{"count":1,"href":"https:\/\/tvc16.com\/portal\/wp-json\/wp\/v2\/posts\/55216\/revisions"}],"predecessor-version":[{"id":55218,"href":"https:\/\/tvc16.com\/portal\/wp-json\/wp\/v2\/posts\/55216\/revisions\/55218"}],"wp:featuredmedia":[{"embeddable":true,"href":"https:\/\/tvc16.com\/portal\/wp-json\/wp\/v2\/media\/55217"}],"wp:attachment":[{"href":"https:\/\/tvc16.com\/portal\/wp-json\/wp\/v2\/media?parent=55216"}],"wp:term":[{"taxonomy":"category","embeddable":true,"href":"https:\/\/tvc16.com\/portal\/wp-json\/wp\/v2\/categories?post=55216"},{"taxonomy":"post_tag","embeddable":true,"href":"https:\/\/tvc16.com\/portal\/wp-json\/wp\/v2\/tags?post=55216"}],"curies":[{"name":"wp","href":"https:\/\/api.w.org\/{rel}","templated":true}]}}