{"id":55225,"date":"2023-03-12T21:00:00","date_gmt":"2023-03-13T00:00:00","guid":{"rendered":"https:\/\/tvc16.com\/portal\/?p=55225"},"modified":"2023-03-12T15:04:24","modified_gmt":"2023-03-12T18:04:24","slug":"competicao-busca-solucoes-de-base-tecnologica-para-economia-criativa","status":"publish","type":"post","link":"https:\/\/tvc16.com\/portal\/2023\/03\/12\/competicao-busca-solucoes-de-base-tecnologica-para-economia-criativa\/","title":{"rendered":"Competi\u00e7\u00e3o busca solu\u00e7\u00f5es de base tecnol\u00f3gica para economia criativa"},"content":{"rendered":"\n<p><strong><em>Alana Gandra &#8211; Ag\u00eancia Brasil &#8211; Rio de Janeiro<\/em><\/strong><\/p>\n\n\n\n<p>A Federa\u00e7\u00e3o do Com\u00e9rcio do Estado do Rio&nbsp;de Janeiro&nbsp;(Fecom\u00e9rcio RJ) promove, nos dias 25 e 26 deste m\u00eas, em conjunto com o Servi\u00e7o de Apoio \u00e0 Micro e Pequena Empresa do estado (Sebrae RJ), o concurso Hackathon&nbsp;Rio Empreender Criativo. Podem se inscrever pessoas f\u00edsicas com idade igual ou superior a 18 anos.<img decoding=\"async\" src=\"https:\/\/agenciabrasil.ebc.com.br\/ebc.png?id=1515228&amp;o=node\"><img decoding=\"async\" src=\"https:\/\/agenciabrasil.ebc.com.br\/ebc.gif?id=1515228&amp;o=node\"><\/p>\n\n\n\n<p>As inscri\u00e7\u00f5es s\u00e3o individuais e gratuitas e se encerram no pr\u00f3ximo dia 22, podendo\u00a0ser feitas no\u00a0site\u00a0do evento &#8211; hackarioempreendercriativo.com.br. O concurso cultural<em>\u00a0online<\/em>\u00a0objetiva desenvolver solu\u00e7\u00f5es inovadoras com base tecnol\u00f3gica em neg\u00f3cios referentes \u00e0 economia criativa, englobando cinco setores:\u00a0educa\u00e7\u00e3o,\u00a0alimentos;\u00a0nutri\u00e7\u00e3o e gastronomia;\u00a0audiovisual;\u00a0arte;\u00a0cultura e entretenimento;\u00a0teatro e m\u00fasica;\u00a0e turismo.<\/p>\n\n\n\n<p>O presidente da Fecom\u00e9rcio RJ, Antonio Florencio de Queiroz Junior, destacou&nbsp;que a economia criativa gera a renova\u00e7\u00e3o do mercado, al\u00e9m do desenvolvimento empresarial e a recupera\u00e7\u00e3o da economia pelo conhecimento.<\/p>\n\n\n\n<p>O diretor-superintendente do Sebrae Rio, Antonio Alvarenga,&nbsp;ressaltou que os mais de 74,6 mil pequenos neg\u00f3cios ligados \u00e0 economia criativa no territ\u00f3rio fluminense precisam buscar constantemente solu\u00e7\u00f5es inovadoras. Segundo Alvarenga,&nbsp;a miss\u00e3o do Sebrae RJ \u00e9 promover a inova\u00e7\u00e3o e tornar os pequenos neg\u00f3cios cada vez mais competitivos.<\/p>\n\n\n\n<h2 class=\"wp-block-heading\">Experi\u00eancia<\/h2>\n\n\n\n<p>Os inscritos devem&nbsp;ter&nbsp;conhecimento ou experi\u00eancia em&nbsp;pelo menos&nbsp;uma das \u00e1reas de desenvolvimento de&nbsp;<em>software<\/em>&nbsp;(programa de computador); engenharias;<em>&nbsp;design<\/em>&nbsp;gr\u00e1fico ou digital; alimentos, gastronomia, nutri\u00e7\u00e3o; arte e cultura; audiovisual; educa\u00e7\u00e3o; entretenimento, m\u00fasica, teatro; comunica\u00e7\u00e3o, publicidade, marketing; e administra\u00e7\u00e3o de empresas ou gest\u00e3o.<\/p>\n\n\n\n<p>Durante o evento, os participantes competir\u00e3o em equipes de tr\u00eas a cinco integrantes, que ser\u00e3o previamente formadas pelos inscritos. Cada equipe dever\u00e1 escolher um dos temas ou setores criativos&nbsp;e desenvolver o projeto de acordo com os objetivos apresentados pela organiza\u00e7\u00e3o do evento.<\/p>\n\n\n\n<p>Os vencedores ser\u00e3o anunciados no dia&nbsp;30 de mar\u00e7o. Os integrantes da equipe classificada em primeiro lugar em cada um dos cinco setores criativos receber\u00e3o como pr\u00eamio cursos livres em formato remoto, com temas a serem divulgados posteriormente, de acordo com a abertura e confirma\u00e7\u00e3o da turma.<\/p>\n\n\n\n<p>Os cursos ser\u00e3o oferecidos por institui\u00e7\u00f5es parceiras da Fecom\u00e9rcio RJ, previamente alinhadas com o Sebrae RJ.&nbsp;<\/p>\n","protected":false},"excerpt":{"rendered":"<p>Alana Gandra &#8211; Ag\u00eancia Brasil &#8211; Rio de Janeiro A Federa\u00e7\u00e3o do Com\u00e9rcio do Estado<\/p>\n","protected":false},"author":2,"featured_media":55226,"comment_status":"open","ping_status":"open","sticky":false,"template":"","format":"standard","meta":{"footnotes":""},"categories":[21,264,18,17,118],"tags":[],"class_list":["post-55225","post","type-post","status-publish","format-standard","has-post-thumbnail","hentry","category-cultura","category-destaque","category-economia","category-outras-noticias","category-programacao"],"_links":{"self":[{"href":"https:\/\/tvc16.com\/portal\/wp-json\/wp\/v2\/posts\/55225","targetHints":{"allow":["GET"]}}],"collection":[{"href":"https:\/\/tvc16.com\/portal\/wp-json\/wp\/v2\/posts"}],"about":[{"href":"https:\/\/tvc16.com\/portal\/wp-json\/wp\/v2\/types\/post"}],"author":[{"embeddable":true,"href":"https:\/\/tvc16.com\/portal\/wp-json\/wp\/v2\/users\/2"}],"replies":[{"embeddable":true,"href":"https:\/\/tvc16.com\/portal\/wp-json\/wp\/v2\/comments?post=55225"}],"version-history":[{"count":1,"href":"https:\/\/tvc16.com\/portal\/wp-json\/wp\/v2\/posts\/55225\/revisions"}],"predecessor-version":[{"id":55227,"href":"https:\/\/tvc16.com\/portal\/wp-json\/wp\/v2\/posts\/55225\/revisions\/55227"}],"wp:featuredmedia":[{"embeddable":true,"href":"https:\/\/tvc16.com\/portal\/wp-json\/wp\/v2\/media\/55226"}],"wp:attachment":[{"href":"https:\/\/tvc16.com\/portal\/wp-json\/wp\/v2\/media?parent=55225"}],"wp:term":[{"taxonomy":"category","embeddable":true,"href":"https:\/\/tvc16.com\/portal\/wp-json\/wp\/v2\/categories?post=55225"},{"taxonomy":"post_tag","embeddable":true,"href":"https:\/\/tvc16.com\/portal\/wp-json\/wp\/v2\/tags?post=55225"}],"curies":[{"name":"wp","href":"https:\/\/api.w.org\/{rel}","templated":true}]}}