{"id":55228,"date":"2023-03-13T10:00:00","date_gmt":"2023-03-13T13:00:00","guid":{"rendered":"https:\/\/tvc16.com\/portal\/?p=55228"},"modified":"2023-03-12T17:04:26","modified_gmt":"2023-03-12T20:04:26","slug":"alto-da-serra-recebe-quadra-de-esportes-reformada","status":"publish","type":"post","link":"https:\/\/tvc16.com\/portal\/2023\/03\/13\/alto-da-serra-recebe-quadra-de-esportes-reformada\/","title":{"rendered":"Alto da Serra recebe quadra de esportes reformada"},"content":{"rendered":"\n<p>O Projeto Nosso Bairro inaugurou, neste domingo, 12, a reforma da quadra da Pra\u00e7a Miguel Couto, no centro do Alto da Serra. A quadra recebeu: pintura no piso, redes novas para as traves do futsal, redes novas para as cestas de basquete e tabelas novas de basquete.<\/p>\n\n\n\n<p>Al\u00e9m disso, os jardins foram refeitos, o parquinho foi reformado, e o passeio no entorno da quadra foi cimentado, com o objetivo de levar valoriza\u00e7\u00e3o ao bairro.<\/p>\n\n\n\n<figure class=\"wp-block-image size-large\"><img loading=\"lazy\" decoding=\"async\" width=\"683\" height=\"1024\" src=\"https:\/\/tvc16.com\/portal\/wp-content\/uploads\/2023\/03\/WhatsApp-Image-2023-03-12-at-16.41.23-683x1024.jpeg\" alt=\"\" class=\"wp-image-55230\" srcset=\"https:\/\/tvc16.com\/portal\/wp-content\/uploads\/2023\/03\/WhatsApp-Image-2023-03-12-at-16.41.23-683x1024.jpeg 683w, https:\/\/tvc16.com\/portal\/wp-content\/uploads\/2023\/03\/WhatsApp-Image-2023-03-12-at-16.41.23-200x300.jpeg 200w, https:\/\/tvc16.com\/portal\/wp-content\/uploads\/2023\/03\/WhatsApp-Image-2023-03-12-at-16.41.23-768x1152.jpeg 768w, https:\/\/tvc16.com\/portal\/wp-content\/uploads\/2023\/03\/WhatsApp-Image-2023-03-12-at-16.41.23-1024x1536.jpeg 1024w, https:\/\/tvc16.com\/portal\/wp-content\/uploads\/2023\/03\/WhatsApp-Image-2023-03-12-at-16.41.23.jpeg 1066w\" sizes=\"auto, (max-width: 683px) 100vw, 683px\" \/><\/figure>\n\n\n\n<p>&#8220;\u00c9 um espa\u00e7o p\u00fablico que estamos valorizando com essa reforma. No cora\u00e7\u00e3o do Alto da Serra. A reforma deu vida a essa quadra, mas queremos ainda mais. Queremos manter viva essa quadra, sempre sendo utilizada pela popula\u00e7\u00e3o, como um espa\u00e7o de conviv\u00eancia e de pr\u00e1tica de esportes&#8221;, disse o prefeito Rubens Bomtempo.<\/p>\n\n\n\n<p>Para a estreia das novas instala\u00e7\u00f5es, uma roda de capoeira voltada para cerca de 30 adolescentes e crian\u00e7as da regi\u00e3o foi organizada. A atividade funcionou como um aquecimento para o futsal, que rolou ao longo de todo o dia &#8211; com direito a \u00e1rbitros da Secretaria de Esportes e coletes.<\/p>\n\n\n\n<figure class=\"wp-block-image size-large\"><img loading=\"lazy\" decoding=\"async\" width=\"1024\" height=\"683\" src=\"https:\/\/tvc16.com\/portal\/wp-content\/uploads\/2023\/03\/WhatsApp-Image-2023-03-12-at-16.41.23-1-1024x683.jpeg\" alt=\"\" class=\"wp-image-55231\" srcset=\"https:\/\/tvc16.com\/portal\/wp-content\/uploads\/2023\/03\/WhatsApp-Image-2023-03-12-at-16.41.23-1-1024x683.jpeg 1024w, https:\/\/tvc16.com\/portal\/wp-content\/uploads\/2023\/03\/WhatsApp-Image-2023-03-12-at-16.41.23-1-300x200.jpeg 300w, https:\/\/tvc16.com\/portal\/wp-content\/uploads\/2023\/03\/WhatsApp-Image-2023-03-12-at-16.41.23-1-768x512.jpeg 768w, https:\/\/tvc16.com\/portal\/wp-content\/uploads\/2023\/03\/WhatsApp-Image-2023-03-12-at-16.41.23-1-1536x1024.jpeg 1536w, https:\/\/tvc16.com\/portal\/wp-content\/uploads\/2023\/03\/WhatsApp-Image-2023-03-12-at-16.41.23-1-900x600.jpeg 900w, https:\/\/tvc16.com\/portal\/wp-content\/uploads\/2023\/03\/WhatsApp-Image-2023-03-12-at-16.41.23-1.jpeg 1599w\" sizes=\"auto, (max-width: 1024px) 100vw, 1024px\" \/><\/figure>\n\n\n\n<p>A inaugura\u00e7\u00e3o foi pela manh\u00e3. O prefeito Rubens Bomtempo esteve presente ao lado dos secret\u00e1rios Rafael Sim\u00e3o (Esportes) e Marcus S\u00e3o Thiago (Rela\u00e7\u00f5es Institucionais).<\/p>\n\n\n\n<p>&#8220;O objetivo \u00e9 que o morador possa praticar esportes no pr\u00f3prio bairro, em um equipamento p\u00fablico, gratuito e de qualidade&#8221;, disse o secret\u00e1rio de Esportes, Rafael Sim\u00e3o.<\/p>\n\n\n\n<p>Os moradores aprovaram a nova quadra.<\/p>\n\n\n\n<p>&#8220;Ficou linda a quadra. \u00c9 uma coisa muito bacana. Eu fico feliz pelas crian\u00e7as. Quando elas est\u00e3o aqui, est\u00e3o felizes, com uma coisa que \u00e9 saud\u00e1vel. E eu tamb\u00e9m gosto de jogar um basquete de vez em quando, no momento de folga&#8221;, disse o vendedor ambulante Marcelo Lorang, de 51 anos, morador do bairro desde que nasceu.<\/p>\n\n\n\n<p>Nosso Bairro<\/p>\n\n\n\n<p>A reforma da quadra faz parte do programa Nosso Bairro, da Prefeitura. Lan\u00e7ado neste ano, o programa busca aproximar a Prefeitura de cada regi\u00e3o da cidade.<\/p>\n\n\n\n<p>Durante 2 semanas, o governo municipal fica instalado em um bairro: levando servi\u00e7os das secretarias, ouvindo as reivindica\u00e7\u00f5es dos moradores, promovendo melhorias. A ideia \u00e9 promover a\u00e7\u00f5es de curto (zeladoria do bairro), m\u00e9dio e longo prazo (obras de grande e m\u00e9dio porte, que s\u00e3o iniciadas durante o programa) na regi\u00e3o.<\/p>\n\n\n\n<p>Desde fevereiro, o programa est\u00e1 no Alto da Serra.<\/p>\n","protected":false},"excerpt":{"rendered":"<p>O Projeto Nosso Bairro inaugurou, neste domingo, 12, a reforma da quadra da Pra\u00e7a Miguel<\/p>\n","protected":false},"author":2,"featured_media":0,"comment_status":"open","ping_status":"open","sticky":false,"template":"","format":"standard","meta":{"footnotes":""},"categories":[12,21,264,18,19,20,118],"tags":[],"class_list":["post-55228","post","type-post","status-publish","format-standard","hentry","category-cidade","category-cultura","category-destaque","category-economia","category-educacao","category-esporte","category-programacao"],"_links":{"self":[{"href":"https:\/\/tvc16.com\/portal\/wp-json\/wp\/v2\/posts\/55228","targetHints":{"allow":["GET"]}}],"collection":[{"href":"https:\/\/tvc16.com\/portal\/wp-json\/wp\/v2\/posts"}],"about":[{"href":"https:\/\/tvc16.com\/portal\/wp-json\/wp\/v2\/types\/post"}],"author":[{"embeddable":true,"href":"https:\/\/tvc16.com\/portal\/wp-json\/wp\/v2\/users\/2"}],"replies":[{"embeddable":true,"href":"https:\/\/tvc16.com\/portal\/wp-json\/wp\/v2\/comments?post=55228"}],"version-history":[{"count":1,"href":"https:\/\/tvc16.com\/portal\/wp-json\/wp\/v2\/posts\/55228\/revisions"}],"predecessor-version":[{"id":55232,"href":"https:\/\/tvc16.com\/portal\/wp-json\/wp\/v2\/posts\/55228\/revisions\/55232"}],"wp:attachment":[{"href":"https:\/\/tvc16.com\/portal\/wp-json\/wp\/v2\/media?parent=55228"}],"wp:term":[{"taxonomy":"category","embeddable":true,"href":"https:\/\/tvc16.com\/portal\/wp-json\/wp\/v2\/categories?post=55228"},{"taxonomy":"post_tag","embeddable":true,"href":"https:\/\/tvc16.com\/portal\/wp-json\/wp\/v2\/tags?post=55228"}],"curies":[{"name":"wp","href":"https:\/\/api.w.org\/{rel}","templated":true}]}}