{"id":55233,"date":"2023-03-13T11:00:00","date_gmt":"2023-03-13T14:00:00","guid":{"rendered":"https:\/\/tvc16.com\/portal\/?p=55233"},"modified":"2023-03-12T17:26:27","modified_gmt":"2023-03-12T20:26:27","slug":"plataforma-online-mapeara-obras-paradas-em-estados-e-municipios","status":"publish","type":"post","link":"https:\/\/tvc16.com\/portal\/2023\/03\/13\/plataforma-online-mapeara-obras-paradas-em-estados-e-municipios\/","title":{"rendered":"Plataforma online mapear\u00e1 obras paradas em estados e munic\u00edpios"},"content":{"rendered":"\n<p><strong><em>Wellton M\u00e1ximo \u2013 Ag\u00eancia Brasil &#8211; Bras\u00edlia<\/em><\/strong><\/p>\n\n\n\n<p>Estados e munic\u00edpios agora poder\u00e3o indicar ao governo federal as obras paradas que precisam ser retomadas com prioridade. Desde esta sexta-feira (10), est\u00e1 em funcionamento a\u00a0plataforma M\u00e3os \u00e0 Obra, um sistema de monitoramento que permitir\u00e1 aos governos locais atualizar, em um banco de dados, empreendimentos paralisados ou inacabados em suas regi\u00f5es.<img decoding=\"async\" src=\"https:\/\/agenciabrasil.ebc.com.br\/ebc.png?id=1515718&amp;o=node\"><img decoding=\"async\" src=\"https:\/\/agenciabrasil.ebc.com.br\/ebc.gif?id=1515718&amp;o=node\"><\/p>\n\n\n\n<p>Desenvolvida pelo Servi\u00e7o Federal de Processamento de Dados (Serpro) em menos de 30 dias, a plataforma indicar\u00e1 \u00e0 Uni\u00e3o que projetos merecem ser retomados com mais urg\u00eancia. A ferramenta auxiliar\u00e1 o governo federal a mapear e identificar as prioridades.<\/p>\n\n\n\n<p>Segundo o Serpro, prefeitos e governadores devem dar prioridades a projetos voltados \u00e0 sa\u00fade, educa\u00e7\u00e3o, ao esporte e \u00e0 cultura. A lista tamb\u00e9m dever\u00e1 conter unidades habitacionais do Programa Minha Casa, Minha Vida e projetos da carteira do Minist\u00e9rio das Cidades.<\/p>\n\n\n\n<p>Os gestores municipais e estaduais ter\u00e3o at\u00e9 10 de abril para atualizarem as informa\u00e7\u00f5es. As demandas ser\u00e3o respondidas conforme a ordem de envio. A prefeitura ou o governo estadual que alimentar o banco de dados primeiro ter\u00e1 o pedido de obra analisado mais cedo, colocado em lugar equivalente na fila de an\u00e1lise.<\/p>\n\n\n\n<p>Em parceria com os minist\u00e9rios, a Casa Civil analisar\u00e1 o banco de dados. Com base nas orienta\u00e7\u00f5es da Presid\u00eancia da Rep\u00fablica, o \u00f3rg\u00e3o definir\u00e1 quais obras devem ser retomadas de imediato.<\/p>\n\n\n\n<h2 class=\"wp-block-heading\">Tempo recorde<\/h2>\n\n\n\n<p>De acordo com o Serpro, a plataforma M\u00e3os \u00e0 Obra foi desenvolvida em tempo recorde. A estatal usou a tecnologia LowCode, que acelera o desenvolvimento de aplicativos e&nbsp;<em>sites<\/em>, e arquitetura WebApp, que aumenta a acessibilidade e a interatividade com os usu\u00e1rios, tanto em navegadores web como em dispositivos m\u00f3veis.<\/p>\n\n\n\n<p>A concep\u00e7\u00e3o e o prot\u00f3tipo do produto, informou o Serpro, exigiram uso intensivo de ferramentas de UX, que proporcionam melhor fluidez para os usu\u00e1rios do servi\u00e7o. Tamb\u00e9m foram adotadas t\u00e9cnicas de ci\u00eancia de dados para apoiar o processo de recep\u00e7\u00e3o, valida\u00e7\u00e3o, cruzamento e consolida\u00e7\u00e3o das bases de dados.<\/p>\n\n\n\n<p>A plataforma M\u00e3os \u00e0 Obra nasce integrada com o\u00a0Portal Gov.Br. Dessa forma, os usu\u00e1rios poder\u00e3o usar o\u00a0<em>login<\/em>\u00a0\u00fanico do governo federal para acessar a ferramenta.<\/p>\n","protected":false},"excerpt":{"rendered":"<p>Wellton M\u00e1ximo \u2013 Ag\u00eancia Brasil &#8211; Bras\u00edlia Estados e munic\u00edpios agora poder\u00e3o indicar ao governo<\/p>\n","protected":false},"author":2,"featured_media":55234,"comment_status":"open","ping_status":"open","sticky":false,"template":"","format":"standard","meta":{"footnotes":""},"categories":[264,17,14,15],"tags":[],"class_list":["post-55233","post","type-post","status-publish","format-standard","has-post-thumbnail","hentry","category-destaque","category-outras-noticias","category-pais","category-politica"],"_links":{"self":[{"href":"https:\/\/tvc16.com\/portal\/wp-json\/wp\/v2\/posts\/55233","targetHints":{"allow":["GET"]}}],"collection":[{"href":"https:\/\/tvc16.com\/portal\/wp-json\/wp\/v2\/posts"}],"about":[{"href":"https:\/\/tvc16.com\/portal\/wp-json\/wp\/v2\/types\/post"}],"author":[{"embeddable":true,"href":"https:\/\/tvc16.com\/portal\/wp-json\/wp\/v2\/users\/2"}],"replies":[{"embeddable":true,"href":"https:\/\/tvc16.com\/portal\/wp-json\/wp\/v2\/comments?post=55233"}],"version-history":[{"count":1,"href":"https:\/\/tvc16.com\/portal\/wp-json\/wp\/v2\/posts\/55233\/revisions"}],"predecessor-version":[{"id":55235,"href":"https:\/\/tvc16.com\/portal\/wp-json\/wp\/v2\/posts\/55233\/revisions\/55235"}],"wp:featuredmedia":[{"embeddable":true,"href":"https:\/\/tvc16.com\/portal\/wp-json\/wp\/v2\/media\/55234"}],"wp:attachment":[{"href":"https:\/\/tvc16.com\/portal\/wp-json\/wp\/v2\/media?parent=55233"}],"wp:term":[{"taxonomy":"category","embeddable":true,"href":"https:\/\/tvc16.com\/portal\/wp-json\/wp\/v2\/categories?post=55233"},{"taxonomy":"post_tag","embeddable":true,"href":"https:\/\/tvc16.com\/portal\/wp-json\/wp\/v2\/tags?post=55233"}],"curies":[{"name":"wp","href":"https:\/\/api.w.org\/{rel}","templated":true}]}}