{"id":55236,"date":"2023-03-13T12:00:00","date_gmt":"2023-03-13T15:00:00","guid":{"rendered":"https:\/\/tvc16.com\/portal\/?p=55236"},"modified":"2023-03-12T17:31:06","modified_gmt":"2023-03-12T20:31:06","slug":"olimpiada-escolar-pelo-meio-ambiente-esta-com-inscricoes-abertas","status":"publish","type":"post","link":"https:\/\/tvc16.com\/portal\/2023\/03\/13\/olimpiada-escolar-pelo-meio-ambiente-esta-com-inscricoes-abertas\/","title":{"rendered":"Olimp\u00edada escolar pelo meio ambiente est\u00e1 com inscri\u00e7\u00f5es abertas"},"content":{"rendered":"\n<p><strong><em>Ag\u00eancia Brasil &#8211; S\u00e3o Paulo<\/em><\/strong><\/p>\n\n\n\n<p>A Restaura Natureza, Olimp\u00edada Brasileira de Restaura\u00e7\u00e3o de Ecossistemas do WWF-Brasil, est\u00e1 com as inscri\u00e7\u00f5es abertas para a sua segunda edi\u00e7\u00e3o. Nesta edi\u00e7\u00e3o a competi\u00e7\u00e3o colaborativa ser\u00e1 estendida ao 1\u00ba ano do Ensino M\u00e9dio, al\u00e9m de contemplar estudantes 7\u00ba ao 9\u00ba ano do Ensino Fundamental de escolas p\u00fablicas e privadas de todo o pa\u00eds. As\u00a0inscri\u00e7\u00f5es podem ser feitas pelo site.<img decoding=\"async\" src=\"https:\/\/agenciabrasil.ebc.com.br\/ebc.png?id=1515739&amp;o=node\"><img decoding=\"async\" src=\"https:\/\/agenciabrasil.ebc.com.br\/ebc.gif?id=1515739&amp;o=node\"><\/p>\n\n\n\n<p>Um novo tema formativo, Seguran\u00e7a Alimentar, foi inclu\u00eddo na olimp\u00edada em 2023, juntando-se a outros nove temas atuais que se conectam ao curr\u00edculo escolar e s\u00e3o caminhos importantes para restaurar a natureza e a conex\u00e3o das pessoas com ela.<\/p>\n\n\n\n<p>A olimp\u00edada \u00e9 composta por duas fases simult\u00e2neas: a fase&nbsp;<em>online<\/em>, que apresenta os temas formativos e convida os estudantes a testarem seus conhecimentos individualmente, e a fase pr\u00e1tica, realizada em grupo, em que as crian\u00e7as e jovens v\u00e3o desenvolver, acompanhados de um professor respons\u00e1vel, os seus projetos relacionados ao uso de tecnologia, plantio, mudan\u00e7as na gest\u00e3o da comunidade, campanhas de engajamento ou qualquer a\u00e7\u00e3o criativa que promova a restaura\u00e7\u00e3o dos ecossistemas.<\/p>\n\n\n\n<p>Os alunos acumulam pontos em ambas as fases. Tamb\u00e9m \u00e9 poss\u00edvel ganhar pontos convidando amigos para a Restaura Natureza. Todos os grupos que enviarem um relato de suas a\u00e7\u00f5es concorrer\u00e3o em duas categorias: Comiss\u00e3o Julgadora e Voto Popular, que valem pr\u00eamios.<\/p>\n\n\n\n<h2 class=\"wp-block-heading\">Comunidade escolar<\/h2>\n\n\n\n<p>Para que a Restaura Natureza contemplasse as demandas da comunidade escolar, foi realizado um processo de escuta com professores e profissionais de educa\u00e7\u00e3o de diversas cidades brasileiras. O desenvolvimento da olimp\u00edada tamb\u00e9m considerou as necessidades e temas urgentes apontados por especialistas em restaura\u00e7\u00e3o do WWF-Brasil e parceiros t\u00e9cnicos.<\/p>\n\n\n\n<p>A olimp\u00edada tem como embaixador o personagem Chico Bento, por meio de parceria institucional com a Mauricio de Sousa Produ\u00e7\u00f5es. Tamb\u00e9m s\u00e3o parceiros institucionais o Programa das Na\u00e7\u00f5es Unidas para o Meio Ambiente (Pnuma), os Escoteiros do Brasil, a Mostra Ecofalante de Cinema, a Sociedade Brasileira de Restaura\u00e7\u00e3o Ecol\u00f3gica (Sobre) e o Criativos da Escola, do Instituto Alana. Conta com o apoio da marca Bom Ar\u00ae, da Reckitt Hygiene Comercial, com quem o WWF-Brasil iniciou em 2021 uma parceria de tr\u00eas anos pela restaura\u00e7\u00e3o do Cerrado e da Mata Atl\u00e2ntica, e da Aegea.<\/p>\n\n\n\n<p>A competi\u00e7\u00e3o \u00e9 organizada pela Quero na Escola, associa\u00e7\u00e3o sem fins lucrativos voltada \u00e0 educa\u00e7\u00e3o em parceiria com o WWF-Brasil, governos e empresas em todo pa\u00eds para combater a degrada\u00e7\u00e3o socioambiental e defender a vida das pessoas e da natureza, al\u00e9m de buscar solu\u00e7\u00f5es urgentes para a emerg\u00eancia clim\u00e1tica.<\/p>\n","protected":false},"excerpt":{"rendered":"<p>Ag\u00eancia Brasil &#8211; S\u00e3o Paulo A Restaura Natureza, Olimp\u00edada Brasileira de Restaura\u00e7\u00e3o de Ecossistemas do<\/p>\n","protected":false},"author":2,"featured_media":55237,"comment_status":"open","ping_status":"open","sticky":false,"template":"","format":"standard","meta":{"footnotes":""},"categories":[21,19,17,14],"tags":[],"class_list":["post-55236","post","type-post","status-publish","format-standard","has-post-thumbnail","hentry","category-cultura","category-educacao","category-outras-noticias","category-pais"],"_links":{"self":[{"href":"https:\/\/tvc16.com\/portal\/wp-json\/wp\/v2\/posts\/55236","targetHints":{"allow":["GET"]}}],"collection":[{"href":"https:\/\/tvc16.com\/portal\/wp-json\/wp\/v2\/posts"}],"about":[{"href":"https:\/\/tvc16.com\/portal\/wp-json\/wp\/v2\/types\/post"}],"author":[{"embeddable":true,"href":"https:\/\/tvc16.com\/portal\/wp-json\/wp\/v2\/users\/2"}],"replies":[{"embeddable":true,"href":"https:\/\/tvc16.com\/portal\/wp-json\/wp\/v2\/comments?post=55236"}],"version-history":[{"count":1,"href":"https:\/\/tvc16.com\/portal\/wp-json\/wp\/v2\/posts\/55236\/revisions"}],"predecessor-version":[{"id":55238,"href":"https:\/\/tvc16.com\/portal\/wp-json\/wp\/v2\/posts\/55236\/revisions\/55238"}],"wp:featuredmedia":[{"embeddable":true,"href":"https:\/\/tvc16.com\/portal\/wp-json\/wp\/v2\/media\/55237"}],"wp:attachment":[{"href":"https:\/\/tvc16.com\/portal\/wp-json\/wp\/v2\/media?parent=55236"}],"wp:term":[{"taxonomy":"category","embeddable":true,"href":"https:\/\/tvc16.com\/portal\/wp-json\/wp\/v2\/categories?post=55236"},{"taxonomy":"post_tag","embeddable":true,"href":"https:\/\/tvc16.com\/portal\/wp-json\/wp\/v2\/tags?post=55236"}],"curies":[{"name":"wp","href":"https:\/\/api.w.org\/{rel}","templated":true}]}}