{"id":55245,"date":"2023-03-13T13:00:00","date_gmt":"2023-03-13T16:00:00","guid":{"rendered":"https:\/\/tvc16.com\/portal\/?p=55245"},"modified":"2023-03-12T18:04:07","modified_gmt":"2023-03-12T21:04:07","slug":"ministro-do-stf-luis-roberto-barroso-recebe-alta-hospitalar","status":"publish","type":"post","link":"https:\/\/tvc16.com\/portal\/2023\/03\/13\/ministro-do-stf-luis-roberto-barroso-recebe-alta-hospitalar\/","title":{"rendered":"Ministro do STF Lu\u00eds Roberto Barroso recebe alta hospitalar"},"content":{"rendered":"\n<p><strong><em>Andr\u00e9 Richter \u2013 Ag\u00eancia Brasil &#8211; Bras\u00edlia<\/em><\/strong><\/p>\n\n\n\n<p>O ministro do Supremo Tribunal Federal (STF) Lu\u00eds Roberto Barroso recebeu alta hospitalar neste domingo, 12. Barroso estava internado no Hospital S\u00edrio Liban\u00eas, em Bras\u00edlia, em decorr\u00eancia de obstru\u00e7\u00e3o intestinal.<img decoding=\"async\" src=\"https:\/\/agenciabrasil.ebc.com.br\/ebc.png?id=1515753&amp;o=node\"><img decoding=\"async\" src=\"https:\/\/agenciabrasil.ebc.com.br\/ebc.gif?id=1515753&amp;o=node\"><\/p>\n\n\n\n<p>No fim de fevereiro, o ministro passou por cirurgia para o fechamento de uma h\u00e9rnia incisional. Ap\u00f3s o procedimento, Barroso chegou a participar da sess\u00e3o do STF, mas voltou a passar mal e precisou ser operado mais duas vezes devido a tr\u00eas epis\u00f3dios de obstru\u00e7\u00e3o intestinal.<\/p>\n\n\n\n<p>Na quinta-feira (9), o ministro deixou a Unidade de Tratamento Intensivo (UTI) e ficou em observa\u00e7\u00e3o no quarto do hospital.<\/p>\n\n\n\n<p>Barroso \u00e9 vice-presidente do STF e vai ocupar a presid\u00eancia da Corte a partir outubro deste ano, quando a atual presidente, ministra Rosa Weber, atinge a idade de aposentadoria compuls\u00f3ria.<\/p>\n\n\n\n<p>O ministro foi indicado para o Supremo pela presidente Dilma Rousseff, em 2013. Ele \u00e9 tamb\u00e9m professor titular da Universidade Estadual do Rio de Janeiro (Uerj), mesma institui\u00e7\u00e3o pela qual se formou doutor em direito p\u00fablico.<\/p>\n\n\n\n<p><\/p>\n","protected":false},"excerpt":{"rendered":"<p>Andr\u00e9 Richter \u2013 Ag\u00eancia Brasil &#8211; Bras\u00edlia O ministro do Supremo Tribunal Federal (STF) Lu\u00eds<\/p>\n","protected":false},"author":2,"featured_media":55246,"comment_status":"open","ping_status":"open","sticky":false,"template":"","format":"standard","meta":{"footnotes":""},"categories":[17,14],"tags":[],"class_list":["post-55245","post","type-post","status-publish","format-standard","has-post-thumbnail","hentry","category-outras-noticias","category-pais"],"_links":{"self":[{"href":"https:\/\/tvc16.com\/portal\/wp-json\/wp\/v2\/posts\/55245","targetHints":{"allow":["GET"]}}],"collection":[{"href":"https:\/\/tvc16.com\/portal\/wp-json\/wp\/v2\/posts"}],"about":[{"href":"https:\/\/tvc16.com\/portal\/wp-json\/wp\/v2\/types\/post"}],"author":[{"embeddable":true,"href":"https:\/\/tvc16.com\/portal\/wp-json\/wp\/v2\/users\/2"}],"replies":[{"embeddable":true,"href":"https:\/\/tvc16.com\/portal\/wp-json\/wp\/v2\/comments?post=55245"}],"version-history":[{"count":1,"href":"https:\/\/tvc16.com\/portal\/wp-json\/wp\/v2\/posts\/55245\/revisions"}],"predecessor-version":[{"id":55247,"href":"https:\/\/tvc16.com\/portal\/wp-json\/wp\/v2\/posts\/55245\/revisions\/55247"}],"wp:featuredmedia":[{"embeddable":true,"href":"https:\/\/tvc16.com\/portal\/wp-json\/wp\/v2\/media\/55246"}],"wp:attachment":[{"href":"https:\/\/tvc16.com\/portal\/wp-json\/wp\/v2\/media?parent=55245"}],"wp:term":[{"taxonomy":"category","embeddable":true,"href":"https:\/\/tvc16.com\/portal\/wp-json\/wp\/v2\/categories?post=55245"},{"taxonomy":"post_tag","embeddable":true,"href":"https:\/\/tvc16.com\/portal\/wp-json\/wp\/v2\/tags?post=55245"}],"curies":[{"name":"wp","href":"https:\/\/api.w.org\/{rel}","templated":true}]}}