{"id":55249,"date":"2023-03-13T12:22:09","date_gmt":"2023-03-13T15:22:09","guid":{"rendered":"https:\/\/tvc16.com\/portal\/?p=55249"},"modified":"2023-03-13T12:22:10","modified_gmt":"2023-03-13T15:22:10","slug":"moraes-liberta-mais-130-pessoas-presas-por-atos-golpistas-de-janeiro","status":"publish","type":"post","link":"https:\/\/tvc16.com\/portal\/2023\/03\/13\/moraes-liberta-mais-130-pessoas-presas-por-atos-golpistas-de-janeiro\/","title":{"rendered":"Moraes liberta mais 130 pessoas presas por atos golpistas de janeiro"},"content":{"rendered":"\n<h3 class=\"wp-block-heading\">Desta vez, todos os libertados s\u00e3o homens<\/h3>\n\n\n\n<h4 class=\"wp-block-heading\">Por Felipe Pontes &#8211; Rep\u00f3rter da Ag\u00eancia Brasil &#8211; Bras\u00edlia<audio src=\"https:\/\/tts-app.ebc.com.br\/media\/tts\/200167.mp3\"><\/h4>\n\n\n\n<p>O ministro Alexandre de Moraes, do Supremo Tribunal Federal (STF), decidiu libertar mais 130 presos por causa dos atos golpistas de&nbsp;8 de janeiro, quando a sede dos Tr\u00eas Poderes foram invadidas e depredadas.&nbsp;<img decoding=\"async\" src=\"https:\/\/agenciabrasil.ebc.com.br\/ebc.png?id=1515793&amp;o=node\"><img decoding=\"async\" src=\"https:\/\/agenciabrasil.ebc.com.br\/ebc.gif?id=1515793&amp;o=node\"><\/p>\n\n\n\n<p>Desta vez, todos os libertados s\u00e3o homens. Isso porque Moraes j\u00e1 conclui, na semana passada, a an\u00e1lise de todos os pedidos de liberdade provis\u00f3ria feitos por mulheres. Em todos os casos, as solturas tiveram parecer favor\u00e1vel da Procuradoria-Geral da Rep\u00fablica (PGR).&nbsp;<\/p>\n\n\n\n<p>Segundo dados do Supremo, foram libertadas at\u00e9 o momento 1.014 pessoas, das quais 407 s\u00e3o mulheres.&nbsp;Outros 392 indiv\u00edduos permanecem presos, sendo 82 mulheres.&nbsp;<\/p>\n\n\n\n<p>No caso das que foram soltas, Moraes aplicou o entendimento de que elas tiveram condutas menos graves e n\u00e3o representam amea\u00e7a ao curso da investiga\u00e7\u00e3o, podendo responder \u00e0 den\u00fancia em liberdade.&nbsp;<\/p>\n\n\n\n<p>A maioria das pessoas soltas j\u00e1 foram denunciadas PGR. Ao todo, at\u00e9 o momento, o \u00f3rg\u00e3o acusador denunciou 919 indiv\u00edduos por incita\u00e7\u00e3o ao crime e associa\u00e7\u00e3o criminosa. Outras 219 pessoas v\u00e3o responder por condutas mais graves, entre elas dano qualificado, aboli\u00e7\u00e3o violenta do estado de direito e golpe de estado.<\/p>\n\n\n\n<p>Todos os denunciados j\u00e1 foram notificados para apresentar defesa pr\u00e9via. A PGR n\u00e3o chegou a oferecer acordo de n\u00e3o persecu\u00e7\u00e3o penal aos detidos, por entender que a medida n\u00e3o seria poss\u00edvel em casos envolvendo ataques ao Estado Democr\u00e1tico de Direito.&nbsp;<\/p>\n\n\n\n<p>Todos os libertados provisoriamente devem se apresentar em 24 horas na comarca de sua resid\u00eancia, tendo que se reapresentar semanalmente. Al\u00e9m disso, todas devem&nbsp;ter&nbsp;o passaporte cancelado e suspensa qualquer autoriza\u00e7\u00e3o para o porte de arma.&nbsp;<\/p>\n\n\n\n<p>Elas tamb\u00e9m ficam proibidas de sair de casa \u00e0 noite e nos fins de semana, bem como n\u00e3o podem usar as redes sociais ou entrar em contato com outros investigados.&nbsp;<\/p>\n\n\n\n<p>Edi\u00e7\u00e3o: Maria Claudia<\/p>\n","protected":false},"excerpt":{"rendered":"<p>Desta vez, todos os libertados s\u00e3o homens Por Felipe Pontes &#8211; Rep\u00f3rter da Ag\u00eancia Brasil<\/p>\n","protected":false},"author":2,"featured_media":55250,"comment_status":"open","ping_status":"open","sticky":false,"template":"","format":"standard","meta":{"footnotes":""},"categories":[17],"tags":[],"class_list":["post-55249","post","type-post","status-publish","format-standard","has-post-thumbnail","hentry","category-outras-noticias"],"_links":{"self":[{"href":"https:\/\/tvc16.com\/portal\/wp-json\/wp\/v2\/posts\/55249","targetHints":{"allow":["GET"]}}],"collection":[{"href":"https:\/\/tvc16.com\/portal\/wp-json\/wp\/v2\/posts"}],"about":[{"href":"https:\/\/tvc16.com\/portal\/wp-json\/wp\/v2\/types\/post"}],"author":[{"embeddable":true,"href":"https:\/\/tvc16.com\/portal\/wp-json\/wp\/v2\/users\/2"}],"replies":[{"embeddable":true,"href":"https:\/\/tvc16.com\/portal\/wp-json\/wp\/v2\/comments?post=55249"}],"version-history":[{"count":1,"href":"https:\/\/tvc16.com\/portal\/wp-json\/wp\/v2\/posts\/55249\/revisions"}],"predecessor-version":[{"id":55251,"href":"https:\/\/tvc16.com\/portal\/wp-json\/wp\/v2\/posts\/55249\/revisions\/55251"}],"wp:featuredmedia":[{"embeddable":true,"href":"https:\/\/tvc16.com\/portal\/wp-json\/wp\/v2\/media\/55250"}],"wp:attachment":[{"href":"https:\/\/tvc16.com\/portal\/wp-json\/wp\/v2\/media?parent=55249"}],"wp:term":[{"taxonomy":"category","embeddable":true,"href":"https:\/\/tvc16.com\/portal\/wp-json\/wp\/v2\/categories?post=55249"},{"taxonomy":"post_tag","embeddable":true,"href":"https:\/\/tvc16.com\/portal\/wp-json\/wp\/v2\/tags?post=55249"}],"curies":[{"name":"wp","href":"https:\/\/api.w.org\/{rel}","templated":true}]}}