{"id":55252,"date":"2023-03-13T12:23:45","date_gmt":"2023-03-13T15:23:45","guid":{"rendered":"https:\/\/tvc16.com\/portal\/?p=55252"},"modified":"2023-03-13T12:23:46","modified_gmt":"2023-03-13T15:23:46","slug":"desbarrancamento-deixa-oito-mortos-em-manaus","status":"publish","type":"post","link":"https:\/\/tvc16.com\/portal\/2023\/03\/13\/desbarrancamento-deixa-oito-mortos-em-manaus\/","title":{"rendered":"Desbarrancamento deixa oito mortos em Manaus"},"content":{"rendered":"\n<h3 class=\"wp-block-heading\">Ao menos 11 casas foram soterradas<\/h3>\n\n\n\n<h4 class=\"wp-block-heading\">Por Pedro Peduzzi &#8211; Rep\u00f3rter da Ag\u00eancia Brasil &#8211; Bras\u00edlia<audio src=\"https:\/\/tts-app.ebc.com.br\/media\/tts\/200166.mp3\"><\/h4>\n\n\n\n<p>A Defesa Civil de Manaus contabiliza oito mortes em decorr\u00eancia de um desbarrancamento ocorrido na noite deste domingo (12), em Nova Floresta, na zona leste da cidade. Foram resgatados com vida tr\u00eas pessoas e um cachorro. Ainda segundo a Defesa Civil, quatro das v\u00edtimas eram crian\u00e7as.<img decoding=\"async\" src=\"https:\/\/agenciabrasil.ebc.com.br\/ebc.png?id=1515794&amp;o=node\"><img decoding=\"async\" src=\"https:\/\/agenciabrasil.ebc.com.br\/ebc.gif?id=1515794&amp;o=node\"><\/p>\n\n\n\n<p>A Prefeitura de Manaus informa que 11 casas teriam sido soterradas. Autoridades estiveram no local acompanhando os resgates durante a madrugada. Das oito v\u00edtimas, quatro eram de uma mesma fam\u00edlia. Uma delas chegou a ser resgatada com vida, mas n\u00e3o resistiu aos ferimentos.<\/p>\n\n\n\n<p>Em nota, o prefeito de Manaus, David Almeira (Avante), disse que moradores relataram \u201cmuita chuva no local\u201d. O prefeito agendou para esta ter\u00e7a-feira (14) audi\u00eancia com o presidente Luiz In\u00e1cio Lula da Silva, na busca por recursos, de forma a intensificar os trabalhos para amenizar o problema hist\u00f3rico da cidade com \u00e1reas de risco e de saneamento.<\/p>\n\n\n\n<p>A Defesa Civil informou que n\u00e3o havia sinais de risco no local onde houve o desbarrancamento, mas que a equipe constatou, posteriormente, excesso de lixo jogado pela comunidade em uma \u00e1rea mais alta da regi\u00e3o. Os altos \u00edndices pluviom\u00e9tricos registrados recentemente deram peso ainda maior contra o solo, o que acabou por resultar no desbarrancamento.<\/p>\n\n\n\n<p>Pelo menos 120 ocorr\u00eancias por causa da chuva foram registradas em Manaus no domingo. No s\u00e1bado (11), o Sistema Nacional de Defesa Civil emitiu alerta de chuva acima da m\u00e9dia na capital.<\/p>\n\n\n\n<p>A regi\u00e3o mais impactada foi a zona norte da cidade, em especial nos bairros Monte das Oliveiras e Cidade Nova.<\/p>\n\n\n\n<p>Edi\u00e7\u00e3o: Fernando Fraga<\/p>\n","protected":false},"excerpt":{"rendered":"<p>Ao menos 11 casas foram soterradas Por Pedro Peduzzi &#8211; Rep\u00f3rter da Ag\u00eancia Brasil &#8211;<\/p>\n","protected":false},"author":2,"featured_media":55253,"comment_status":"open","ping_status":"open","sticky":false,"template":"","format":"standard","meta":{"footnotes":""},"categories":[17],"tags":[],"class_list":["post-55252","post","type-post","status-publish","format-standard","has-post-thumbnail","hentry","category-outras-noticias"],"_links":{"self":[{"href":"https:\/\/tvc16.com\/portal\/wp-json\/wp\/v2\/posts\/55252","targetHints":{"allow":["GET"]}}],"collection":[{"href":"https:\/\/tvc16.com\/portal\/wp-json\/wp\/v2\/posts"}],"about":[{"href":"https:\/\/tvc16.com\/portal\/wp-json\/wp\/v2\/types\/post"}],"author":[{"embeddable":true,"href":"https:\/\/tvc16.com\/portal\/wp-json\/wp\/v2\/users\/2"}],"replies":[{"embeddable":true,"href":"https:\/\/tvc16.com\/portal\/wp-json\/wp\/v2\/comments?post=55252"}],"version-history":[{"count":1,"href":"https:\/\/tvc16.com\/portal\/wp-json\/wp\/v2\/posts\/55252\/revisions"}],"predecessor-version":[{"id":55254,"href":"https:\/\/tvc16.com\/portal\/wp-json\/wp\/v2\/posts\/55252\/revisions\/55254"}],"wp:featuredmedia":[{"embeddable":true,"href":"https:\/\/tvc16.com\/portal\/wp-json\/wp\/v2\/media\/55253"}],"wp:attachment":[{"href":"https:\/\/tvc16.com\/portal\/wp-json\/wp\/v2\/media?parent=55252"}],"wp:term":[{"taxonomy":"category","embeddable":true,"href":"https:\/\/tvc16.com\/portal\/wp-json\/wp\/v2\/categories?post=55252"},{"taxonomy":"post_tag","embeddable":true,"href":"https:\/\/tvc16.com\/portal\/wp-json\/wp\/v2\/tags?post=55252"}],"curies":[{"name":"wp","href":"https:\/\/api.w.org\/{rel}","templated":true}]}}