{"id":55258,"date":"2023-03-13T12:26:07","date_gmt":"2023-03-13T15:26:07","guid":{"rendered":"https:\/\/tvc16.com\/portal\/?p=55258"},"modified":"2023-03-13T12:26:08","modified_gmt":"2023-03-13T15:26:08","slug":"brasil-bate-uruguai-na-estreia-da-copa-america-de-beach-soccer","status":"publish","type":"post","link":"https:\/\/tvc16.com\/portal\/2023\/03\/13\/brasil-bate-uruguai-na-estreia-da-copa-america-de-beach-soccer\/","title":{"rendered":"Brasil bate Uruguai na estreia da Copa Am\u00e9rica de beach soccer"},"content":{"rendered":"\n<h3 class=\"wp-block-heading\">Sele\u00e7\u00e3o brasileira goleia por 6 a 2 em Ros\u00e1rio (Argentina)<\/h3>\n\n\n\n<h4 class=\"wp-block-heading\">Por Ag\u00eancia Brasil &#8211; Rio de Janeiro<audio src=\"https:\/\/tts-app.ebc.com.br\/media\/tts\/200156.mp3\"><\/h4>\n\n\n\n<p>O Brasil estreou com o p\u00e9 direito na edi\u00e7\u00e3o 2023 da Copa Am\u00e9rica de beach soccer que \u00e9 disputada em Ros\u00e1rio (Argentina), pois derrotou, neste domingo (12), o Uruguai por 6 a 2.<img decoding=\"async\" src=\"https:\/\/agenciabrasil.ebc.com.br\/ebc.png?id=1515774&amp;o=node\"><img decoding=\"async\" src=\"https:\/\/agenciabrasil.ebc.com.br\/ebc.gif?id=1515774&amp;o=node\"><\/p>\n\n\n\n<p>Na etapa inicial, a sele\u00e7\u00e3o brasileira abriu uma vantagem de quatro gols, que sa\u00edram dos p\u00e9s de Benjamin Jr., Mauricinho, Z\u00e9 Lucas e Brendo. No segundo tempo, a equipe de Marco Octavio diminuiu a intensidade, mas Edson Hulk ampliou a vantagem do Brasil.<\/p>\n\n\n\n<p>O Uruguai conseguiu descontar com Miranda, em cobran\u00e7a de falta. Por\u00e9m, Brendo voltou a marcar, com um belo chute de primeira, para confirmar a vit\u00f3ria brasileira. No fim, os uruguaios fecharam o marcador com novo gol de Miranda.<\/p>\n\n\n\n<p>\u201cFiquei muito feliz em poder marcar um dos gols do Brasil na nossa estreia na Copa Am\u00e9rica e no mesmo dia do meu anivers\u00e1rio. Dedico esse gol \u00e0 minha fam\u00edlia e ao torcedor brasileiro que est\u00e1 na torcida pela nossa sele\u00e7\u00e3o\u201d, declarou Benjamin Jr., que completou 29 anos neste domingo.<\/p>\n\n\n\n<p>A equipe canarinho volta a entrar em campo pela competi\u00e7\u00e3o a partir das 17h (hor\u00e1rio de Bras\u00edlia) da pr\u00f3xima segunda-feira (13). O advers\u00e1rio ser\u00e1 a sele\u00e7\u00e3o peruana.<\/p>\n\n\n\n<p>Edi\u00e7\u00e3o: F\u00e1bio Lisboa<\/p>\n","protected":false},"excerpt":{"rendered":"<p>Sele\u00e7\u00e3o brasileira goleia por 6 a 2 em Ros\u00e1rio (Argentina) Por Ag\u00eancia Brasil &#8211; Rio<\/p>\n","protected":false},"author":2,"featured_media":55259,"comment_status":"open","ping_status":"open","sticky":false,"template":"","format":"standard","meta":{"footnotes":""},"categories":[17],"tags":[],"class_list":["post-55258","post","type-post","status-publish","format-standard","has-post-thumbnail","hentry","category-outras-noticias"],"_links":{"self":[{"href":"https:\/\/tvc16.com\/portal\/wp-json\/wp\/v2\/posts\/55258","targetHints":{"allow":["GET"]}}],"collection":[{"href":"https:\/\/tvc16.com\/portal\/wp-json\/wp\/v2\/posts"}],"about":[{"href":"https:\/\/tvc16.com\/portal\/wp-json\/wp\/v2\/types\/post"}],"author":[{"embeddable":true,"href":"https:\/\/tvc16.com\/portal\/wp-json\/wp\/v2\/users\/2"}],"replies":[{"embeddable":true,"href":"https:\/\/tvc16.com\/portal\/wp-json\/wp\/v2\/comments?post=55258"}],"version-history":[{"count":1,"href":"https:\/\/tvc16.com\/portal\/wp-json\/wp\/v2\/posts\/55258\/revisions"}],"predecessor-version":[{"id":55260,"href":"https:\/\/tvc16.com\/portal\/wp-json\/wp\/v2\/posts\/55258\/revisions\/55260"}],"wp:featuredmedia":[{"embeddable":true,"href":"https:\/\/tvc16.com\/portal\/wp-json\/wp\/v2\/media\/55259"}],"wp:attachment":[{"href":"https:\/\/tvc16.com\/portal\/wp-json\/wp\/v2\/media?parent=55258"}],"wp:term":[{"taxonomy":"category","embeddable":true,"href":"https:\/\/tvc16.com\/portal\/wp-json\/wp\/v2\/categories?post=55258"},{"taxonomy":"post_tag","embeddable":true,"href":"https:\/\/tvc16.com\/portal\/wp-json\/wp\/v2\/tags?post=55258"}],"curies":[{"name":"wp","href":"https:\/\/api.w.org\/{rel}","templated":true}]}}