{"id":55265,"date":"2023-03-13T13:01:08","date_gmt":"2023-03-13T16:01:08","guid":{"rendered":"https:\/\/tvc16.com\/portal\/?p=55265"},"modified":"2023-03-13T13:01:09","modified_gmt":"2023-03-13T16:01:09","slug":"campanha-marco-lilas-de-conscientizacao-do-cancer-de-colo-de-utero-tem-inicio","status":"publish","type":"post","link":"https:\/\/tvc16.com\/portal\/2023\/03\/13\/campanha-marco-lilas-de-conscientizacao-do-cancer-de-colo-de-utero-tem-inicio\/","title":{"rendered":"Campanha Mar\u00e7o Lil\u00e1s, de conscientiza\u00e7\u00e3o do c\u00e2ncer de colo de \u00fatero, tem in\u00edcio"},"content":{"rendered":"\n<p>Os exames citopatol\u00f3gicos, que detectam o c\u00e2ncer de colo de \u00fatero, est\u00e3o sendo oferecidos em todas as unidades de aten\u00e7\u00e3o b\u00e1sica, como UBSs e PSFs, do munic\u00edpio. A a\u00e7\u00e3o, organizada pela Prefeitura, por meio da \u00c1rea T\u00e9cnica de Sa\u00fade da Mulher da Secretaria de Sa\u00fade, faz parte da programa\u00e7\u00e3o da campanha Mar\u00e7o Lil\u00e1s, de conscientiza\u00e7\u00e3o a doen\u00e7a.<\/p>\n\n\n\n<p>De acordo com o secret\u00e1rio da Sa\u00fade, Marcus Curvelo, as pr\u00f3prias unidades est\u00e3o se organizando e algumas delas, inclusive, abrir\u00e3o aos s\u00e1bados para garantir o acesso das mulheres que trabalham durante a semana. \u201cPara a realiza\u00e7\u00e3o do exame, elas precisam apenas procurar a unidade de sa\u00fade mais pr\u00f3xima de sua casa, como UBSs e PSFs, para o atendimento\u201d, explica o secret\u00e1rio de Sa\u00fade, Marcus Curvelo.<\/p>\n\n\n\n<p>Os Centro de Sa\u00fade Coletiva e do Itamarati, assim como o ambulat\u00f3rio do Hospital Alcides Carneiro tamb\u00e9m est\u00e3o engajados na campanha.<\/p>\n\n\n\n<p>Foto: EBC<\/p>\n","protected":false},"excerpt":{"rendered":"<p>Os exames citopatol\u00f3gicos, que detectam o c\u00e2ncer de colo de \u00fatero, est\u00e3o sendo oferecidos em<\/p>\n","protected":false},"author":2,"featured_media":55266,"comment_status":"open","ping_status":"open","sticky":false,"template":"","format":"standard","meta":{"footnotes":""},"categories":[12],"tags":[],"class_list":["post-55265","post","type-post","status-publish","format-standard","has-post-thumbnail","hentry","category-cidade"],"_links":{"self":[{"href":"https:\/\/tvc16.com\/portal\/wp-json\/wp\/v2\/posts\/55265","targetHints":{"allow":["GET"]}}],"collection":[{"href":"https:\/\/tvc16.com\/portal\/wp-json\/wp\/v2\/posts"}],"about":[{"href":"https:\/\/tvc16.com\/portal\/wp-json\/wp\/v2\/types\/post"}],"author":[{"embeddable":true,"href":"https:\/\/tvc16.com\/portal\/wp-json\/wp\/v2\/users\/2"}],"replies":[{"embeddable":true,"href":"https:\/\/tvc16.com\/portal\/wp-json\/wp\/v2\/comments?post=55265"}],"version-history":[{"count":1,"href":"https:\/\/tvc16.com\/portal\/wp-json\/wp\/v2\/posts\/55265\/revisions"}],"predecessor-version":[{"id":55267,"href":"https:\/\/tvc16.com\/portal\/wp-json\/wp\/v2\/posts\/55265\/revisions\/55267"}],"wp:featuredmedia":[{"embeddable":true,"href":"https:\/\/tvc16.com\/portal\/wp-json\/wp\/v2\/media\/55266"}],"wp:attachment":[{"href":"https:\/\/tvc16.com\/portal\/wp-json\/wp\/v2\/media?parent=55265"}],"wp:term":[{"taxonomy":"category","embeddable":true,"href":"https:\/\/tvc16.com\/portal\/wp-json\/wp\/v2\/categories?post=55265"},{"taxonomy":"post_tag","embeddable":true,"href":"https:\/\/tvc16.com\/portal\/wp-json\/wp\/v2\/tags?post=55265"}],"curies":[{"name":"wp","href":"https:\/\/api.w.org\/{rel}","templated":true}]}}