{"id":5533,"date":"2020-11-13T10:40:13","date_gmt":"2020-11-13T13:40:13","guid":{"rendered":"https:\/\/tvc16.com\/portal\/?p=5533"},"modified":"2020-11-13T10:40:16","modified_gmt":"2020-11-13T13:40:16","slug":"testagens-em-massa-continuam-na-cidade","status":"publish","type":"post","link":"https:\/\/tvc16.com\/portal\/2020\/11\/13\/testagens-em-massa-continuam-na-cidade\/","title":{"rendered":"Testagens em massa continuam na cidade"},"content":{"rendered":"\n<p>A prefeitura informou os locais de testagem em massa da popula\u00e7\u00e3o desta sexta-feira (13\/11), s\u00e1bado (14\/11) e segunda-feira (16\/11) no munic\u00edpio. Vale lembrar que a nova fase das a\u00e7\u00f5es tem como objetivo o monitoramento da doen\u00e7a, diante de uma poss\u00edvel segunda onda da COVID-19 no pa\u00eds. O trabalho mant\u00e9m, ainda, o foco de salvar vidas na cidade.<\/p>\n\n\n\n<p>Sexta-feira (13\/11) \u2013 Posse (Pra\u00e7a CEU) e Pedro do Rio (antigo Col\u00e9gio Cenecista)<\/p>\n\n\n\n<p>S\u00e1bado (14\/11) \u2013 Feira Livre (Centro) e Terminal Rodovi\u00e1rio (Centro).<\/p>\n\n\n\n<p>Segunda-feira (16\/11) \u2013 Quitandinha (Igreja N. S. de Aparecida) e Independ\u00eancia (Posto de Sa\u00fade).<\/p>\n\n\n\n<p>Para os atendimentos \u00e9 exigido um documento de identifica\u00e7\u00e3o com foto e n\u00e3o \u00e9 necess\u00e1rio cadastro pr\u00e9vio. Os usu\u00e1rios testados receber\u00e3o o resultado em 15 minutos pela equipe t\u00e9cnica da sa\u00fade respons\u00e1vel pelo trabalho.<br><br>A prefeitura informou, ainda, que as testagens em massa da popula\u00e7\u00e3o, sempre das 09h \u00e0s 16h, fazem parte das a\u00e7\u00f5es da Secretaria de Sa\u00fade para proteger os petropolitanos contra a pandemia do novo coronav\u00edrus e monitorar o comportamento da doen\u00e7a no munic\u00edpio. Com as a\u00e7\u00f5es de testagem, a prefeitura tenta se antecipar com base na segunda onda de COVID-19, j\u00e1 presente em alguns pa\u00edses da Europa.<\/p>\n\n\n\n<p>\u201cA pandemia n\u00e3o acabou. As novas a\u00e7\u00f5es de testagem v\u00e3o mostrar onde est\u00e3o os focos da doen\u00e7a na cidade e, desta forma, apontar quais bairros dever\u00e3o receber os trabalhos da testagem em massa. Todo o trabalho ser\u00e1 baseado em acompanhamento estat\u00edstico por parte da Secretaria de Sa\u00fade. J\u00e1 temos cerca de 70 mil pessoas testadas na cidade e vamos manter o trabalho com a inten\u00e7\u00e3o de chegar a 150 mil\u201d, afirmou a secret\u00e1ria de sa\u00fade, Fab\u00edola Heck.<\/p>\n","protected":false},"excerpt":{"rendered":"<p>A prefeitura informou os locais de testagem em massa da popula\u00e7\u00e3o desta sexta-feira (13\/11), s\u00e1bado<\/p>\n","protected":false},"author":2,"featured_media":5534,"comment_status":"open","ping_status":"open","sticky":false,"template":"","format":"standard","meta":{"footnotes":""},"categories":[12],"tags":[],"class_list":["post-5533","post","type-post","status-publish","format-standard","has-post-thumbnail","hentry","category-cidade"],"_links":{"self":[{"href":"https:\/\/tvc16.com\/portal\/wp-json\/wp\/v2\/posts\/5533","targetHints":{"allow":["GET"]}}],"collection":[{"href":"https:\/\/tvc16.com\/portal\/wp-json\/wp\/v2\/posts"}],"about":[{"href":"https:\/\/tvc16.com\/portal\/wp-json\/wp\/v2\/types\/post"}],"author":[{"embeddable":true,"href":"https:\/\/tvc16.com\/portal\/wp-json\/wp\/v2\/users\/2"}],"replies":[{"embeddable":true,"href":"https:\/\/tvc16.com\/portal\/wp-json\/wp\/v2\/comments?post=5533"}],"version-history":[{"count":1,"href":"https:\/\/tvc16.com\/portal\/wp-json\/wp\/v2\/posts\/5533\/revisions"}],"predecessor-version":[{"id":5535,"href":"https:\/\/tvc16.com\/portal\/wp-json\/wp\/v2\/posts\/5533\/revisions\/5535"}],"wp:featuredmedia":[{"embeddable":true,"href":"https:\/\/tvc16.com\/portal\/wp-json\/wp\/v2\/media\/5534"}],"wp:attachment":[{"href":"https:\/\/tvc16.com\/portal\/wp-json\/wp\/v2\/media?parent=5533"}],"wp:term":[{"taxonomy":"category","embeddable":true,"href":"https:\/\/tvc16.com\/portal\/wp-json\/wp\/v2\/categories?post=5533"},{"taxonomy":"post_tag","embeddable":true,"href":"https:\/\/tvc16.com\/portal\/wp-json\/wp\/v2\/tags?post=5533"}],"curies":[{"name":"wp","href":"https:\/\/api.w.org\/{rel}","templated":true}]}}