{"id":5539,"date":"2020-11-13T12:42:44","date_gmt":"2020-11-13T15:42:44","guid":{"rendered":"https:\/\/tvc16.com\/portal\/?p=5539"},"modified":"2020-11-13T12:42:46","modified_gmt":"2020-11-13T15:42:46","slug":"ministerio-da-saude-institui-projeto-piloto-para-cuidado-integral-a-saude-do-homem","status":"publish","type":"post","link":"https:\/\/tvc16.com\/portal\/2020\/11\/13\/ministerio-da-saude-institui-projeto-piloto-para-cuidado-integral-a-saude-do-homem\/","title":{"rendered":"Minist\u00e9rio da Sa\u00fade institui projeto piloto para cuidado integral \u00e0 sa\u00fade do homem"},"content":{"rendered":"\n<p>Estados que ir\u00e3o receber o repasse foram definidos considerando a taxa de mortalidade por c\u00e2ncer de p\u00eanis acima de 0,60 por 100 mil homens, no per\u00edodo de 2014 a 2018<\/p>\n\n\n\n<p>O Governo Federal publicou nesta semana uma portaria que institui projeto-piloto para preven\u00e7\u00e3o de c\u00e2ncer de p\u00eanis, no \u00e2mbito da Aten\u00e7\u00e3o Prim\u00e1ria \u00e0 Sa\u00fade. A medida \u00e9 uma das a\u00e7\u00f5es da campanha do Novembro Azul.<br><br>O repasse total soma cerca de R$ 20 milh\u00f5es e \u00e9 destinado aos estados com a maior de mortalidade por c\u00e2ncer de p\u00eanis acima de 0,60 por 100 mil homens no per\u00edodo de 2014 a 2018. Segundo o Minist\u00e9rio da Sa\u00fade, os entes federativos com maior incid\u00eancia da doen\u00e7a s\u00e3o Piau\u00ed, Maranh\u00e3o, Tocantins, Par\u00e1 e Sergipe.&nbsp;<\/p>\n\n\n\n<p><a href=\"https:\/\/brasil61.com\/noticias\/pandemia-reduz-exames-de-mama-no-sus-em-62-diz-pesquisa-bras202274\">Pandemia reduz exames de mama no SUS em 62%, diz pesquisa<\/a><\/p>\n\n\n\n<p><a href=\"https:\/\/brasil61.com\/noticias\/projeto-quer-permitir-que-estados-e-municipios-remanejem-recursos-destinados-a-covid-19-bras201842\">Projeto quer permitir que estados e munic\u00edpios remanejem recursos destinados \u00e0 Covid-19<\/a><br><br>A portaria tamb\u00e9m destina recursos a 370 munic\u00edpios com popula\u00e7\u00e3o de at\u00e9 100.000 habitantes com m\u00e9dia de registro de, ao menos, um diagn\u00f3stico de c\u00e2ncer de p\u00eanis.&nbsp;<\/p>\n\n\n\n<p>Fonte: <a href=\"https:\/\/brasil61.com\/noticias\/ministerio-da-saude-institui-projeto-piloto-para-cuidado-integral-a-saude-do-homem-bras202591?email=bethdeoliveira@yahoo.com.br&amp;utm_source=newsletter&amp;utm_medium=newsletter&amp;utm_campaign=newsletter\" target=\"_blank\" rel=\"noreferrer noopener\">Brasil 61<\/a><\/p>\n","protected":false},"excerpt":{"rendered":"<p>Estados que ir\u00e3o receber o repasse foram definidos considerando a taxa de mortalidade por c\u00e2ncer<\/p>\n","protected":false},"author":2,"featured_media":5540,"comment_status":"open","ping_status":"open","sticky":false,"template":"","format":"standard","meta":{"footnotes":""},"categories":[13],"tags":[],"class_list":["post-5539","post","type-post","status-publish","format-standard","has-post-thumbnail","hentry","category-saude"],"_links":{"self":[{"href":"https:\/\/tvc16.com\/portal\/wp-json\/wp\/v2\/posts\/5539","targetHints":{"allow":["GET"]}}],"collection":[{"href":"https:\/\/tvc16.com\/portal\/wp-json\/wp\/v2\/posts"}],"about":[{"href":"https:\/\/tvc16.com\/portal\/wp-json\/wp\/v2\/types\/post"}],"author":[{"embeddable":true,"href":"https:\/\/tvc16.com\/portal\/wp-json\/wp\/v2\/users\/2"}],"replies":[{"embeddable":true,"href":"https:\/\/tvc16.com\/portal\/wp-json\/wp\/v2\/comments?post=5539"}],"version-history":[{"count":1,"href":"https:\/\/tvc16.com\/portal\/wp-json\/wp\/v2\/posts\/5539\/revisions"}],"predecessor-version":[{"id":5541,"href":"https:\/\/tvc16.com\/portal\/wp-json\/wp\/v2\/posts\/5539\/revisions\/5541"}],"wp:featuredmedia":[{"embeddable":true,"href":"https:\/\/tvc16.com\/portal\/wp-json\/wp\/v2\/media\/5540"}],"wp:attachment":[{"href":"https:\/\/tvc16.com\/portal\/wp-json\/wp\/v2\/media?parent=5539"}],"wp:term":[{"taxonomy":"category","embeddable":true,"href":"https:\/\/tvc16.com\/portal\/wp-json\/wp\/v2\/categories?post=5539"},{"taxonomy":"post_tag","embeddable":true,"href":"https:\/\/tvc16.com\/portal\/wp-json\/wp\/v2\/tags?post=5539"}],"curies":[{"name":"wp","href":"https:\/\/api.w.org\/{rel}","templated":true}]}}