{"id":5542,"date":"2020-11-13T12:46:53","date_gmt":"2020-11-13T15:46:53","guid":{"rendered":"https:\/\/tvc16.com\/portal\/?p=5542"},"modified":"2020-11-13T12:46:55","modified_gmt":"2020-11-13T15:46:55","slug":"tse-informa-que-boletins-de-urna-serao-emitidos-no-fim-da-tarde-de-domingo-15","status":"publish","type":"post","link":"https:\/\/tvc16.com\/portal\/2020\/11\/13\/tse-informa-que-boletins-de-urna-serao-emitidos-no-fim-da-tarde-de-domingo-15\/","title":{"rendered":"TSE informa que boletins de urna ser\u00e3o emitidos no fim da tarde de domingo (15)"},"content":{"rendered":"\n<p>Tribunal diz que documentos ser\u00e3o publicados no site at\u00e9 a pr\u00f3xima quarta-feira (18)<\/p>\n\n\n\n<p>Os boletins de urna das elei\u00e7\u00f5es deste ano come\u00e7ar\u00e3o a ser emitidos a partir das 17h do domingo (15), quando o ocorrer o primeiro turno do pleito. Segundo o Tribunal Superior Eleitoral (TSE), neste hor\u00e1rio ser\u00e3o divulgados os resultados para todos os cargos, o que inclui os votos em branco, os nulos e o total de absten\u00e7\u00f5es.<\/p>\n\n\n\n<p>At\u00e9 a pr\u00f3xima quarta-feira (18), o tribunal afirma que ir\u00e1 divulgar em seu site os boletins de urna recebidos para a totaliza\u00e7\u00e3o. Al\u00e9m disso, at\u00e9 20 de novembro, a Corte informa que ir\u00e1 disponibilizar os resultados das vota\u00e7\u00f5es no Reposit\u00f3rio de Dados Eleitorais (RDE) e na p\u00e1gina de Estat\u00edsticas das Elei\u00e7\u00f5es 2020.<\/p>\n\n\n\n<p><a href=\"https:\/\/brasil61.com\/noticias\/transporte-de-eleitores-para-os-locais-de-votacao-e-proibido-pelo-tse-bras202578\" target=\"_blank\" rel=\"noreferrer noopener\">Transporte de eleitores para os locais de vota\u00e7\u00e3o \u00e9 proibido pelo TSE<\/a><\/p>\n\n\n\n<p>O reposit\u00f3rio \u00e9 voltado a pesquisadores, jornalistas e pessoas interessadas em analisar os dados do eleitorado, candidaturas, resultados, presta\u00e7\u00e3o de contas, entre outras informa\u00e7\u00f5es.&nbsp;<\/p>\n\n\n\n<p>Todas as d\u00favidas sobre o pleito podem ser esclarecidas nas plataformas digitais do tribunal e pelo site <a href=\"http:\/\/www.tse.jus.br\" target=\"_blank\" rel=\"noreferrer noopener\">www.tse.jus.br<\/a><\/p>\n\n\n\n<p>Fonte: <a href=\"https:\/\/brasil61.com\/noticias\/tse-informa-que-boletins-de-urna-serao-emitidos-no-fim-da-tarde-de-domingo-15-bras202592?email=bethdeoliveira@yahoo.com.br&amp;utm_source=newsletter&amp;utm_medium=newsletter&amp;utm_campaign=newsletter\" target=\"_blank\" rel=\"noreferrer noopener\">Brasil 61<\/a><\/p>\n","protected":false},"excerpt":{"rendered":"<p>Tribunal diz que documentos ser\u00e3o publicados no site at\u00e9 a pr\u00f3xima quarta-feira (18) Os boletins<\/p>\n","protected":false},"author":2,"featured_media":5543,"comment_status":"open","ping_status":"open","sticky":false,"template":"","format":"standard","meta":{"footnotes":""},"categories":[15],"tags":[],"class_list":["post-5542","post","type-post","status-publish","format-standard","has-post-thumbnail","hentry","category-politica"],"_links":{"self":[{"href":"https:\/\/tvc16.com\/portal\/wp-json\/wp\/v2\/posts\/5542","targetHints":{"allow":["GET"]}}],"collection":[{"href":"https:\/\/tvc16.com\/portal\/wp-json\/wp\/v2\/posts"}],"about":[{"href":"https:\/\/tvc16.com\/portal\/wp-json\/wp\/v2\/types\/post"}],"author":[{"embeddable":true,"href":"https:\/\/tvc16.com\/portal\/wp-json\/wp\/v2\/users\/2"}],"replies":[{"embeddable":true,"href":"https:\/\/tvc16.com\/portal\/wp-json\/wp\/v2\/comments?post=5542"}],"version-history":[{"count":1,"href":"https:\/\/tvc16.com\/portal\/wp-json\/wp\/v2\/posts\/5542\/revisions"}],"predecessor-version":[{"id":5544,"href":"https:\/\/tvc16.com\/portal\/wp-json\/wp\/v2\/posts\/5542\/revisions\/5544"}],"wp:featuredmedia":[{"embeddable":true,"href":"https:\/\/tvc16.com\/portal\/wp-json\/wp\/v2\/media\/5543"}],"wp:attachment":[{"href":"https:\/\/tvc16.com\/portal\/wp-json\/wp\/v2\/media?parent=5542"}],"wp:term":[{"taxonomy":"category","embeddable":true,"href":"https:\/\/tvc16.com\/portal\/wp-json\/wp\/v2\/categories?post=5542"},{"taxonomy":"post_tag","embeddable":true,"href":"https:\/\/tvc16.com\/portal\/wp-json\/wp\/v2\/tags?post=5542"}],"curies":[{"name":"wp","href":"https:\/\/api.w.org\/{rel}","templated":true}]}}