{"id":5545,"date":"2020-11-13T13:39:44","date_gmt":"2020-11-13T16:39:44","guid":{"rendered":"https:\/\/tvc16.com\/portal\/?p=5545"},"modified":"2020-11-13T13:39:47","modified_gmt":"2020-11-13T16:39:47","slug":"queda-de-fiacao-eletrica-na-avenida-koeller-altera-itinerario-de-18-linhas-de-onibus","status":"publish","type":"post","link":"https:\/\/tvc16.com\/portal\/2020\/11\/13\/queda-de-fiacao-eletrica-na-avenida-koeller-altera-itinerario-de-18-linhas-de-onibus\/","title":{"rendered":"Queda de fia\u00e7\u00e3o el\u00e9trica na Avenida K\u00f6eller altera itiner\u00e1rio de 18 linhas de \u00f4nibus"},"content":{"rendered":"\n<p>A queda de fia\u00e7\u00e3o el\u00e9trica sobre a Avenida K\u00f6eller, no in\u00edcio da tarde desta sexta-feira (13), est\u00e1 resultando na altera\u00e7\u00e3o de itiner\u00e1rio de, pelo menos, 18 linhas de \u00f4nibus. A Cidade Real segue em dire\u00e7\u00e3o ao Bingen, utilizando como via alternativa, a Rua 13 de Maio. A Petro Ita cumpre o trajeto sentido bairro, atrav\u00e9s da Rua Doutor Nelson de S\u00e1 Earp.<\/p>\n\n\n\n<p>As linhas da Cidade Real, que tiveram os itiner\u00e1rios alterados, s\u00e3o a 010 \u2013 Rodovi\u00e1ria (Executivo), 100 \u2013 Terminal Bingen, 104 \u2013 Vila Militar, 107 \u2013 Terminal Bingen (Via Manoel Torres), 108 \u2013 Bairro Castrioto, 110 \u2013 Duarte da Silveira, 113 \u2013 Marechal Hermes, 118 \u2013 Pedras Brancas, 119 \u2013 Kopke, 122 \u2013 Fazenda Inglesa, 129 \u2013 Moinho Preto, 132 \u2013 Pedras Brancas, 139 \u2013 Moinho Preto e 142 \u2013 C\u00e2ndido Portinari.<\/p>\n\n\n\n<p>Pela empresa de \u00f4nibus Petro Ita, as linhas afetadas s\u00e3o a 404 \u2013 Duques, 422 \u2013 Amazonas, 465 \u2013 Amazonas (Via Vila Ipanema) e 466 \u2013 Alagoas. Atrasos e perdas de viagem podem ser registrados devido \u00e0 mudan\u00e7a.<\/p>\n\n\n\n<p>A queda de fios na pista tamb\u00e9m prejudicou a opera\u00e7\u00e3o dos \u00f4nibus em dois bairros nesta sexta. Pela manh\u00e3, o \u00f4nibus que fazia a linha 135 \u2013 Elisa Mussel encontrou dificuldades em operar pr\u00f3ximo ao ponto final.J\u00e1 a linha 516 \u2013 Roseiral deixou de operar pela Rua Expedicion\u00e1rio Arlindo Luiz Vivarini, popularmente conhecida como Vila, desde \u00e0s 6h, quando a fia\u00e7\u00e3o el\u00e9trica estava ca\u00edda sobre o trecho.<\/p>\n\n\n\n<p>Foto: Cidade Real<\/p>\n","protected":false},"excerpt":{"rendered":"<p>A queda de fia\u00e7\u00e3o el\u00e9trica sobre a Avenida K\u00f6eller, no in\u00edcio da tarde desta sexta-feira<\/p>\n","protected":false},"author":2,"featured_media":5546,"comment_status":"open","ping_status":"open","sticky":false,"template":"","format":"standard","meta":{"footnotes":""},"categories":[12],"tags":[],"class_list":["post-5545","post","type-post","status-publish","format-standard","has-post-thumbnail","hentry","category-cidade"],"_links":{"self":[{"href":"https:\/\/tvc16.com\/portal\/wp-json\/wp\/v2\/posts\/5545","targetHints":{"allow":["GET"]}}],"collection":[{"href":"https:\/\/tvc16.com\/portal\/wp-json\/wp\/v2\/posts"}],"about":[{"href":"https:\/\/tvc16.com\/portal\/wp-json\/wp\/v2\/types\/post"}],"author":[{"embeddable":true,"href":"https:\/\/tvc16.com\/portal\/wp-json\/wp\/v2\/users\/2"}],"replies":[{"embeddable":true,"href":"https:\/\/tvc16.com\/portal\/wp-json\/wp\/v2\/comments?post=5545"}],"version-history":[{"count":1,"href":"https:\/\/tvc16.com\/portal\/wp-json\/wp\/v2\/posts\/5545\/revisions"}],"predecessor-version":[{"id":5547,"href":"https:\/\/tvc16.com\/portal\/wp-json\/wp\/v2\/posts\/5545\/revisions\/5547"}],"wp:featuredmedia":[{"embeddable":true,"href":"https:\/\/tvc16.com\/portal\/wp-json\/wp\/v2\/media\/5546"}],"wp:attachment":[{"href":"https:\/\/tvc16.com\/portal\/wp-json\/wp\/v2\/media?parent=5545"}],"wp:term":[{"taxonomy":"category","embeddable":true,"href":"https:\/\/tvc16.com\/portal\/wp-json\/wp\/v2\/categories?post=5545"},{"taxonomy":"post_tag","embeddable":true,"href":"https:\/\/tvc16.com\/portal\/wp-json\/wp\/v2\/tags?post=5545"}],"curies":[{"name":"wp","href":"https:\/\/api.w.org\/{rel}","templated":true}]}}