{"id":5548,"date":"2020-11-13T18:45:09","date_gmt":"2020-11-13T21:45:09","guid":{"rendered":"https:\/\/tvc16.com\/portal\/?p=5548"},"modified":"2020-11-13T18:45:11","modified_gmt":"2020-11-13T21:45:11","slug":"curso-de-gestao-esportiva-sera-oferecido-aos-municipios-do-estado-do-rio-de-janeiro","status":"publish","type":"post","link":"https:\/\/tvc16.com\/portal\/2020\/11\/13\/curso-de-gestao-esportiva-sera-oferecido-aos-municipios-do-estado-do-rio-de-janeiro\/","title":{"rendered":"Curso de Gest\u00e3o Esportiva ser\u00e1 oferecido aos munic\u00edpios do Estado do Rio de Janeiro"},"content":{"rendered":"\n<p><em>Iniciativa da Secretaria de Estado de Esporte, Lazer e Juventude visa contribuir no desenvolvimento das pol\u00edticas esportivas<\/em><\/p>\n\n\n\n<p>Gest\u00e3o qualificada \u00e9 uma das premissas para a aplica\u00e7\u00e3o das pol\u00edticas p\u00fablicas esportivas. E diante disso, a Secretaria de Estado de Esporte, Lazer e Juventude (Seelje) est\u00e1 elaborando um curso de gest\u00e3o esportiva voltado aos munic\u00edpios de todo o Estado. A iniciativa ter\u00e1 chancela e condu\u00e7\u00e3o de uma institui\u00e7\u00e3o de ensino que ficar\u00e1 respons\u00e1vel pela aplica\u00e7\u00e3o do conte\u00fado. A ementa foi definida pela Seelje, ao identificar as principais demandas dos gestores municipais e as oportunidades de contribui\u00e7\u00e3o de melhora na gest\u00e3o.<\/p>\n\n\n\n<p>&#8211; Compreendemos que cada um dos 92 munic\u00edpios do Estado tem peculiaridades, mas h\u00e1 informa\u00e7\u00f5es e conhecimentos que podem ser expandidos e compartilhados.O curso visa oferecer capacita\u00e7\u00e3o aos profissionais para utiliza\u00e7\u00e3o de t\u00e9cnicas gerenciais e instrumentos de f\u00e1cil aplica\u00e7\u00e3o no segmento esportivo. Al\u00e9m disso, esta capacita\u00e7\u00e3o ser\u00e1 uma oportunidade para potencializar o esporte como \u00e1rea de desenvolvimento humano &#8211; afirma Felipe Bornier, Secret\u00e1rio de Estado de Esporte, Lazer e Juventude.<\/p>\n\n\n\n<p>A ementa prevista comp\u00f5e os m\u00f3dulos: Gest\u00e3o estrat\u00e9gica e governan\u00e7a no esporte; Economia no setor esportivo; Marketing esportivo; Capta\u00e7\u00e3o de recursos; Esporte, Inclus\u00e3o, Educa\u00e7\u00e3o e Cidadania; Turismo Esportivo, entre outros temas. Ap\u00f3s o encerramento do processo de defini\u00e7\u00e3o da institui\u00e7\u00e3o, ser\u00e3o abertas inscri\u00e7\u00f5es para que os munic\u00edpios possam definir dentro de crit\u00e9rios t\u00e9cnicos os profissionais que participar\u00e3o deste curso de gest\u00e3o esportiva, gratuito, que ser\u00e1 oferecido pelo Governo do Estado.<\/p>\n","protected":false},"excerpt":{"rendered":"<p>Iniciativa da Secretaria de Estado de Esporte, Lazer e Juventude visa contribuir no desenvolvimento das<\/p>\n","protected":false},"author":2,"featured_media":5549,"comment_status":"open","ping_status":"open","sticky":false,"template":"","format":"standard","meta":{"footnotes":""},"categories":[20],"tags":[],"class_list":["post-5548","post","type-post","status-publish","format-standard","has-post-thumbnail","hentry","category-esporte"],"_links":{"self":[{"href":"https:\/\/tvc16.com\/portal\/wp-json\/wp\/v2\/posts\/5548","targetHints":{"allow":["GET"]}}],"collection":[{"href":"https:\/\/tvc16.com\/portal\/wp-json\/wp\/v2\/posts"}],"about":[{"href":"https:\/\/tvc16.com\/portal\/wp-json\/wp\/v2\/types\/post"}],"author":[{"embeddable":true,"href":"https:\/\/tvc16.com\/portal\/wp-json\/wp\/v2\/users\/2"}],"replies":[{"embeddable":true,"href":"https:\/\/tvc16.com\/portal\/wp-json\/wp\/v2\/comments?post=5548"}],"version-history":[{"count":1,"href":"https:\/\/tvc16.com\/portal\/wp-json\/wp\/v2\/posts\/5548\/revisions"}],"predecessor-version":[{"id":5550,"href":"https:\/\/tvc16.com\/portal\/wp-json\/wp\/v2\/posts\/5548\/revisions\/5550"}],"wp:featuredmedia":[{"embeddable":true,"href":"https:\/\/tvc16.com\/portal\/wp-json\/wp\/v2\/media\/5549"}],"wp:attachment":[{"href":"https:\/\/tvc16.com\/portal\/wp-json\/wp\/v2\/media?parent=5548"}],"wp:term":[{"taxonomy":"category","embeddable":true,"href":"https:\/\/tvc16.com\/portal\/wp-json\/wp\/v2\/categories?post=5548"},{"taxonomy":"post_tag","embeddable":true,"href":"https:\/\/tvc16.com\/portal\/wp-json\/wp\/v2\/tags?post=5548"}],"curies":[{"name":"wp","href":"https:\/\/api.w.org\/{rel}","templated":true}]}}