{"id":55514,"date":"2023-03-18T08:00:00","date_gmt":"2023-03-18T11:00:00","guid":{"rendered":"https:\/\/tvc16.com\/portal\/?p=55514"},"modified":"2023-03-17T20:32:08","modified_gmt":"2023-03-17T23:32:08","slug":"academia-da-saude-do-parque-cremerie-oferece-programacao-especial-pelo-aniversario-da-cidade","status":"publish","type":"post","link":"https:\/\/tvc16.com\/portal\/2023\/03\/18\/academia-da-saude-do-parque-cremerie-oferece-programacao-especial-pelo-aniversario-da-cidade\/","title":{"rendered":"Academia da Sa\u00fade do Parque Cremerie oferece programa\u00e7\u00e3o especial pelo anivers\u00e1rio da cidade"},"content":{"rendered":"\n<p>As celebra\u00e7\u00f5es pelo anivers\u00e1rio de 180 anos de Petr\u00f3polis chegam ao Parque Cremerie, neste s\u00e1bado (18). A Secretaria de Sa\u00fade organizou uma tarde de atividades para os frequentadores do espa\u00e7o, al\u00e9m da vacina\u00e7\u00e3o itinerante, que estar\u00e1 oferecendo doses de imunizante contra a covid-19 e para a atualiza\u00e7\u00e3o da caderneta de crian\u00e7as e adolescentes.<\/p>\n\n\n\n<p>A mobiliza\u00e7\u00e3o acontece de 12h \u00e0s 17h, no espa\u00e7o da Academia da Sa\u00fade, com aulas de yoga, treinamento funcional e alongamento. Testagens r\u00e1pidas de HIV, s\u00edfilis e hepatite tamb\u00e9m estar\u00e3o sendo oferecidas. \u201cEste anivers\u00e1rio da cidade tem um significado especial para todos os petropolitanos, pois estamos recuperando a nossa cidade depois de termos passado por tempos dif\u00edceis. Estamos levando as celebra\u00e7\u00f5es para v\u00e1rios pontos do munic\u00edpio. Este \u00e9 um momento de agradecimento\u201d, disse o prefeito Rubens Bomtempo.<\/p>\n\n\n\n<p>\u201cPara o anivers\u00e1rio da cidade a Academia da Sa\u00fade n\u00e3o poderia ficar de fora das comemora\u00e7\u00f5es. Por isso elaboramos essa programa\u00e7\u00e3o junto com outros setores da Sa\u00fade\u201d, frisa o secret\u00e1rio de Sa\u00fade, Marcus Curvelo. \u201cNosso objetivo \u00e9 oferecer um dia de muita atividade f\u00edsica, al\u00e9m da vacina\u00e7\u00e3o, entre outros servi\u00e7os que estar\u00e3o sendo oferecidos. Levar Sa\u00fade \u00e0 popula\u00e7\u00e3o \u00e9 o maior presente que podemos oferecer \u00e0 cidade\u201d, disse o supervisor das Academias da Sa\u00fade, Renato Garcia.<\/p>\n","protected":false},"excerpt":{"rendered":"<p>As celebra\u00e7\u00f5es pelo anivers\u00e1rio de 180 anos de Petr\u00f3polis chegam ao Parque Cremerie, neste s\u00e1bado<\/p>\n","protected":false},"author":2,"featured_media":50084,"comment_status":"open","ping_status":"open","sticky":false,"template":"","format":"standard","meta":{"footnotes":""},"categories":[12,21,264,18,19,20,13],"tags":[],"class_list":["post-55514","post","type-post","status-publish","format-standard","has-post-thumbnail","hentry","category-cidade","category-cultura","category-destaque","category-economia","category-educacao","category-esporte","category-saude"],"_links":{"self":[{"href":"https:\/\/tvc16.com\/portal\/wp-json\/wp\/v2\/posts\/55514","targetHints":{"allow":["GET"]}}],"collection":[{"href":"https:\/\/tvc16.com\/portal\/wp-json\/wp\/v2\/posts"}],"about":[{"href":"https:\/\/tvc16.com\/portal\/wp-json\/wp\/v2\/types\/post"}],"author":[{"embeddable":true,"href":"https:\/\/tvc16.com\/portal\/wp-json\/wp\/v2\/users\/2"}],"replies":[{"embeddable":true,"href":"https:\/\/tvc16.com\/portal\/wp-json\/wp\/v2\/comments?post=55514"}],"version-history":[{"count":1,"href":"https:\/\/tvc16.com\/portal\/wp-json\/wp\/v2\/posts\/55514\/revisions"}],"predecessor-version":[{"id":55515,"href":"https:\/\/tvc16.com\/portal\/wp-json\/wp\/v2\/posts\/55514\/revisions\/55515"}],"wp:featuredmedia":[{"embeddable":true,"href":"https:\/\/tvc16.com\/portal\/wp-json\/wp\/v2\/media\/50084"}],"wp:attachment":[{"href":"https:\/\/tvc16.com\/portal\/wp-json\/wp\/v2\/media?parent=55514"}],"wp:term":[{"taxonomy":"category","embeddable":true,"href":"https:\/\/tvc16.com\/portal\/wp-json\/wp\/v2\/categories?post=55514"},{"taxonomy":"post_tag","embeddable":true,"href":"https:\/\/tvc16.com\/portal\/wp-json\/wp\/v2\/tags?post=55514"}],"curies":[{"name":"wp","href":"https:\/\/api.w.org\/{rel}","templated":true}]}}