{"id":5554,"date":"2020-11-13T18:53:12","date_gmt":"2020-11-13T21:53:12","guid":{"rendered":"https:\/\/tvc16.com\/portal\/?p=5554"},"modified":"2020-11-13T18:53:14","modified_gmt":"2020-11-13T21:53:14","slug":"servicos-odontologicos-do-sus-recebem-incentivo-de-mais-de-r-128-milhoes","status":"publish","type":"post","link":"https:\/\/tvc16.com\/portal\/2020\/11\/13\/servicos-odontologicos-do-sus-recebem-incentivo-de-mais-de-r-128-milhoes\/","title":{"rendered":"Servi\u00e7os odontol\u00f3gicos do SUS recebem incentivo de mais de R$ 128 milh\u00f5es"},"content":{"rendered":"\n<p>Recursos s\u00e3o excepcionais e tempor\u00e1rios por conta da pandemia da Covid-19 e visam a retomada segura dos atendimentos odontol\u00f3gicos<\/p>\n\n\n\n<p>Os servi\u00e7os odontol\u00f3gicos do Sistema \u00danico de Sa\u00fade (SUS) v\u00e3o receber R$ 128 milh\u00f5es de refor\u00e7o, destinados \u00e0s Equipes de Sa\u00fade Bucal (eSB) e Centros Especializados Odontol\u00f3gicos. Segundo o Minist\u00e9rio da Sa\u00fade, a verba \u00e9 excepcional e tempor\u00e1ria por conta da pandemia da Covid-19.<br><br>Os investimentos fazem parte da estrat\u00e9gia da pasta para apoiar a manuten\u00e7\u00e3o e estrutura\u00e7\u00e3o dos servi\u00e7os de sa\u00fade bucal. O governo federal tamb\u00e9m vai disponibilizar um guia que re\u00fane um conjunto de recomenda\u00e7\u00f5es que vai apoiar as an\u00e1lises e a\u00e7\u00f5es a serem implementadas para retomada gradual dos atendimentos ampliados em odontologia.<\/p>\n\n\n\n<p><a href=\"https:\/\/brasil61.com\/noticias\/medico-e-investigado-pelo-mpf-por-omissao-que-pode-ter-causado-morte-de-idoso-bras202568\">M\u00e9dico \u00e9 investigado pelo MPF por omiss\u00e3o que pode ter causado morte de idoso<\/a><\/p>\n\n\n\n<p><a href=\"https:\/\/brasil61.com\/noticias\/anvisa-autoriza-retomada-de-testes-da-coronavac-bras202557\">Anvisa autoriza retomada de testes da CoronaVac<\/a><br><br>Os gestores podem solicitar a ades\u00e3o e assinar um termo de compromisso no sistema egestorab.saude.gov.br, conforme prazo de disponibiliza\u00e7\u00e3o e ades\u00e3o, a ser divulgado pelo minist\u00e9rio. Em outro momento, ser\u00e3o publicadas as solicita\u00e7\u00f5es habilitadas, assim como os valores a serem transferidos para cada ente federativo.<\/p>\n\n\n\n<p>Fonte: <a href=\"https:\/\/brasil61.com\/noticias\/servicos-odontologicos-do-sus-recebem-incentivo-de-mais-de-r-128-milhoes-bras202585?email=bethdeoliveira@yahoo.com.br&amp;utm_source=newsletter&amp;utm_medium=newsletter&amp;utm_campaign=newsletter\" target=\"_blank\" rel=\"noreferrer noopener\">Brasil 61<\/a><\/p>\n","protected":false},"excerpt":{"rendered":"<p>Recursos s\u00e3o excepcionais e tempor\u00e1rios por conta da pandemia da Covid-19 e visam a retomada<\/p>\n","protected":false},"author":2,"featured_media":5555,"comment_status":"open","ping_status":"open","sticky":false,"template":"","format":"standard","meta":{"footnotes":""},"categories":[13],"tags":[],"class_list":["post-5554","post","type-post","status-publish","format-standard","has-post-thumbnail","hentry","category-saude"],"_links":{"self":[{"href":"https:\/\/tvc16.com\/portal\/wp-json\/wp\/v2\/posts\/5554","targetHints":{"allow":["GET"]}}],"collection":[{"href":"https:\/\/tvc16.com\/portal\/wp-json\/wp\/v2\/posts"}],"about":[{"href":"https:\/\/tvc16.com\/portal\/wp-json\/wp\/v2\/types\/post"}],"author":[{"embeddable":true,"href":"https:\/\/tvc16.com\/portal\/wp-json\/wp\/v2\/users\/2"}],"replies":[{"embeddable":true,"href":"https:\/\/tvc16.com\/portal\/wp-json\/wp\/v2\/comments?post=5554"}],"version-history":[{"count":1,"href":"https:\/\/tvc16.com\/portal\/wp-json\/wp\/v2\/posts\/5554\/revisions"}],"predecessor-version":[{"id":5556,"href":"https:\/\/tvc16.com\/portal\/wp-json\/wp\/v2\/posts\/5554\/revisions\/5556"}],"wp:featuredmedia":[{"embeddable":true,"href":"https:\/\/tvc16.com\/portal\/wp-json\/wp\/v2\/media\/5555"}],"wp:attachment":[{"href":"https:\/\/tvc16.com\/portal\/wp-json\/wp\/v2\/media?parent=5554"}],"wp:term":[{"taxonomy":"category","embeddable":true,"href":"https:\/\/tvc16.com\/portal\/wp-json\/wp\/v2\/categories?post=5554"},{"taxonomy":"post_tag","embeddable":true,"href":"https:\/\/tvc16.com\/portal\/wp-json\/wp\/v2\/tags?post=5554"}],"curies":[{"name":"wp","href":"https:\/\/api.w.org\/{rel}","templated":true}]}}