{"id":55635,"date":"2023-03-17T14:58:56","date_gmt":"2023-03-17T17:58:56","guid":{"rendered":"https:\/\/tvc16.com\/portal\/?p=55635"},"modified":"2023-03-17T14:58:57","modified_gmt":"2023-03-17T17:58:57","slug":"ministra-da-saude-diz-que-e-preciso-discutir-o-financiamento-do-sus","status":"publish","type":"post","link":"https:\/\/tvc16.com\/portal\/2023\/03\/17\/ministra-da-saude-diz-que-e-preciso-discutir-o-financiamento-do-sus\/","title":{"rendered":"Ministra da Sa\u00fade diz que \u00e9 preciso discutir o financiamento do SUS"},"content":{"rendered":"\n<h3 class=\"wp-block-heading\">Ela participou de evento na Funda\u00e7\u00e3o Getulio Vargas, no Rio de Janeiro<\/h3>\n\n\n\n<h4 class=\"wp-block-heading\"> Por Vitor Abdala \u2013 Rep\u00f3rter da Ag\u00eancia Brasil &#8211; Rio de Janeiro<audio src=\"https:\/\/tts-app.ebc.com.br\/media\/tts\/200465.mp3\"><\/h4>\n\n\n\n<p>A ministra da Sa\u00fade, N\u00edsia Trindade, disse nesta sexta-feira (17), no Rio de Janeiro, que \u00e9 preciso discutir o financiamento do Sistema \u00danico de Sa\u00fade (SUS). Para ela, o tema \u00e9 importante para que se garanta a efetiva\u00e7\u00e3o do direito de toda a popula\u00e7\u00e3o \u00e0 sa\u00fade.<img decoding=\"async\" src=\"https:\/\/agenciabrasil.ebc.com.br\/ebc.png?id=1517040&amp;o=node\"><img decoding=\"async\" src=\"https:\/\/agenciabrasil.ebc.com.br\/ebc.gif?id=1517040&amp;o=node\"><\/p>\n\n\n\n<p>\u201cO gasto per capita da iniciativa privada \u00e9 quatro vezes superior ao gasto per capita p\u00fablico do Sistema \u00danico de Sa\u00fade (SUS). Esse fato torna-se mais agudo com os aprendizados da pandemia, em que o pr\u00f3prio papel do sistema foi t\u00e3o abordado de forma positiva\u201d, disse, durante evento na Funda\u00e7\u00e3o Getulio Vargas (FGV).<\/p>\n\n\n\n<blockquote class=\"wp-block-quote is-layout-flow wp-block-quote-is-layout-flow\">\n<p>\u201cTemos um sistema de sa\u00fade universal com problema de financiamento e com os desafios de estar encarando uma transi\u00e7\u00e3o demogr\u00e1fica e epidemiol\u00f3gica\u201d.<\/p>\n<\/blockquote>\n\n\n\n<p>A ministra disse que \u00e9 importante tamb\u00e9m haver investimentos cont\u00ednuos em ci\u00eancia, tecnologia e inova\u00e7\u00e3o em sa\u00fade.<\/p>\n\n\n\n<p>\u201cEm todo o mundo, falou-se muito que as vacinas [contra a covid-19] foram desenvolvidas em tempo recorde. Na verdade, se n\u00e3o houvesse investimentos anteriores [n\u00e3o haveria essas vacinas]. O caso da Universidade de Oxford [que produziu a vacina com o laborat\u00f3rio AstraZeneca] foi fruto de investimentos de dez anos cont\u00ednuos no desenvolvimento de vacinas\u201d, explicou.<\/p>\n\n\n\n<p>Para N\u00edsia Trindade \u00e9 necess\u00e1rio que os cientistas mudem a forma de se comunicar com as pessoas, a fim de diminuir a desconfian\u00e7a que parcelas da popula\u00e7\u00e3o t\u00eam em rela\u00e7\u00e3o \u00e0 ci\u00eancia.<\/p>\n\n\n\n<p>\u201cH\u00e1 uma necessidade de mudarmos a pr\u00f3pria forma de comunicarmos a ci\u00eancia. Ci\u00eancia n\u00e3o \u00e9 mat\u00e9ria de opini\u00e3o. \u00c9 mat\u00e9ria de constru\u00e7\u00e3o a partir de evid\u00eancias e consensos entre os pares [cientistas]. Isso \u00e9 fundamental para a rela\u00e7\u00e3o entre sa\u00fade e democracia. N\u00f3s nos baseamos na evid\u00eancia cient\u00edfica mas precisamos fazer uma constru\u00e7\u00e3o coletiva\u201d.<\/p>\n\n\n\n<p>Edi\u00e7\u00e3o: Denise Griesinger<\/p>\n","protected":false},"excerpt":{"rendered":"<p>Ela participou de evento na Funda\u00e7\u00e3o Getulio Vargas, no Rio de Janeiro Por Vitor Abdala<\/p>\n","protected":false},"author":2,"featured_media":55636,"comment_status":"open","ping_status":"open","sticky":false,"template":"","format":"standard","meta":{"footnotes":""},"categories":[17],"tags":[],"class_list":["post-55635","post","type-post","status-publish","format-standard","has-post-thumbnail","hentry","category-outras-noticias"],"_links":{"self":[{"href":"https:\/\/tvc16.com\/portal\/wp-json\/wp\/v2\/posts\/55635","targetHints":{"allow":["GET"]}}],"collection":[{"href":"https:\/\/tvc16.com\/portal\/wp-json\/wp\/v2\/posts"}],"about":[{"href":"https:\/\/tvc16.com\/portal\/wp-json\/wp\/v2\/types\/post"}],"author":[{"embeddable":true,"href":"https:\/\/tvc16.com\/portal\/wp-json\/wp\/v2\/users\/2"}],"replies":[{"embeddable":true,"href":"https:\/\/tvc16.com\/portal\/wp-json\/wp\/v2\/comments?post=55635"}],"version-history":[{"count":1,"href":"https:\/\/tvc16.com\/portal\/wp-json\/wp\/v2\/posts\/55635\/revisions"}],"predecessor-version":[{"id":55637,"href":"https:\/\/tvc16.com\/portal\/wp-json\/wp\/v2\/posts\/55635\/revisions\/55637"}],"wp:featuredmedia":[{"embeddable":true,"href":"https:\/\/tvc16.com\/portal\/wp-json\/wp\/v2\/media\/55636"}],"wp:attachment":[{"href":"https:\/\/tvc16.com\/portal\/wp-json\/wp\/v2\/media?parent=55635"}],"wp:term":[{"taxonomy":"category","embeddable":true,"href":"https:\/\/tvc16.com\/portal\/wp-json\/wp\/v2\/categories?post=55635"},{"taxonomy":"post_tag","embeddable":true,"href":"https:\/\/tvc16.com\/portal\/wp-json\/wp\/v2\/tags?post=55635"}],"curies":[{"name":"wp","href":"https:\/\/api.w.org\/{rel}","templated":true}]}}