{"id":55638,"date":"2023-03-17T15:00:28","date_gmt":"2023-03-17T18:00:28","guid":{"rendered":"https:\/\/tvc16.com\/portal\/?p=55638"},"modified":"2023-03-17T15:00:29","modified_gmt":"2023-03-17T18:00:29","slug":"iphan-recomenda-novo-estudo-sobre-impacto-de-parque-eolico-no-rn-e-pb","status":"publish","type":"post","link":"https:\/\/tvc16.com\/portal\/2023\/03\/17\/iphan-recomenda-novo-estudo-sobre-impacto-de-parque-eolico-no-rn-e-pb\/","title":{"rendered":"Iphan recomenda novo estudo sobre impacto de parque e\u00f3lico no RN e PB"},"content":{"rendered":"\n<h3 class=\"wp-block-heading\">Medida surge ap\u00f3s entidades apontarem falhas em estudo ambiental<\/h3>\n\n\n\n<h4 class=\"wp-block-heading\">Por Renato Ribeiro &#8211; Rep\u00f3rter da R\u00e1dio Nacional &#8211; Bras\u00edlia<audio src=\"https:\/\/tts-app.ebc.com.br\/media\/tts\/200464.mp3\"><\/h4>\n\n\n\n<p>Parecer do&nbsp;Instituto do Patrim\u00f4nio Hist\u00f3rico e Art\u00edstico Nacional (Iphan)&nbsp;recomenda estudos complementares sobre os impactos da constru\u00e7\u00e3o do Complexo E\u00f3lico da Pedra Lavrada nos estados do Rio Grande do Norte e da Para\u00edba.<img decoding=\"async\" src=\"https:\/\/agenciabrasil.ebc.com.br\/ebc.png?id=1517031&amp;o=node\"><img decoding=\"async\" src=\"https:\/\/agenciabrasil.ebc.com.br\/ebc.gif?id=1517031&amp;o=node\"><\/p>\n\n\n\n<p>O parecer pede que a empresa explique o uso de explosivos&nbsp;e aponta o risco de soterramento de bens arqueol\u00f3gicos situados nos cursos d\u2019\u00e1gua.<\/p>\n\n\n\n<p>A medida surge ap\u00f3s entidades apontarem falhas em estudo ambiental da empresa respons\u00e1vel pela obra. Eles identificaram poss\u00edveis danos ao patrim\u00f4nio hist\u00f3rico, arqueol\u00f3gico e paisag\u00edstico da regi\u00e3o.<\/p>\n\n\n\n<p>O empreendimento vai ocupar 1.600 hectares com a instala\u00e7\u00e3o de 372 aerogeradores, distribu\u00eddos em 27 parques e\u00f3licos em oito munic\u00edpios.<\/p>\n\n\n\n<p>O coordenador-geral de Licenciamento Ambiental do Iphan, Roberto Stanchi, explica que o processo de licenciamento do complexo e\u00f3lico est\u00e1 na fase de estudos t\u00e9cnicos. Ele conta que o parecer do t\u00e9cnico \u00e9 uma recomenda\u00e7\u00e3o. &#8220;O que consta nesse documento s\u00e3o recomenda\u00e7\u00f5es para que o Iphan verifique se de fato&nbsp;essas informa\u00e7\u00f5es procedem ou n\u00e3o.&nbsp;E caso haja&nbsp;concord\u00e2ncia com esse parecer t\u00e9cnico, que \u00e9 a primeira etapa do processo de avalia\u00e7\u00e3o, o que o Iphan ir\u00e1 fazer \u00e9 questionar o empreendedor sobre essas informa\u00e7\u00f5es, se s\u00e3o ver\u00eddicas ou n\u00e3o ou eventualmente solicitar estudos complementares, o que \u00e9 natural tamb\u00e9m no processo de licenciamento.<\/p>\n\n\n\n<p>Para o arque\u00f3logo Joadson Silva, volunt\u00e1rio do Instituto Serid\u00f3 Vivo, grupo respons\u00e1vel pela nota t\u00e9cnica que baseou o parecer do Iphan, a obra pode causar desmatamento, preju\u00edzos \u00e0s comunidades tradicionais e danos \u00e0 fauna e \u00e0 flora.&nbsp;<\/p>\n\n\n\n<p>Em nota, a Casa dos Ventos, respons\u00e1vel pela obra, esclarece que, durante a fase de implanta\u00e7\u00e3o dos parques, as atividades de desmonte de rochas e de movimenta\u00e7\u00e3o de terra seguem as melhores pr\u00e1ticas da engenharia, sendo todas elas validadas com o Iphan no processo de licenciamento arqueol\u00f3gico.<\/p>\n\n\n\n<p>Edi\u00e7\u00e3o: S\u00e2mia Mendes \/ Guilherme Strozi<\/p>\n","protected":false},"excerpt":{"rendered":"<p>Medida surge ap\u00f3s entidades apontarem falhas em estudo ambiental Por Renato Ribeiro &#8211; Rep\u00f3rter da<\/p>\n","protected":false},"author":2,"featured_media":55639,"comment_status":"open","ping_status":"open","sticky":false,"template":"","format":"standard","meta":{"footnotes":""},"categories":[17],"tags":[],"class_list":["post-55638","post","type-post","status-publish","format-standard","has-post-thumbnail","hentry","category-outras-noticias"],"_links":{"self":[{"href":"https:\/\/tvc16.com\/portal\/wp-json\/wp\/v2\/posts\/55638","targetHints":{"allow":["GET"]}}],"collection":[{"href":"https:\/\/tvc16.com\/portal\/wp-json\/wp\/v2\/posts"}],"about":[{"href":"https:\/\/tvc16.com\/portal\/wp-json\/wp\/v2\/types\/post"}],"author":[{"embeddable":true,"href":"https:\/\/tvc16.com\/portal\/wp-json\/wp\/v2\/users\/2"}],"replies":[{"embeddable":true,"href":"https:\/\/tvc16.com\/portal\/wp-json\/wp\/v2\/comments?post=55638"}],"version-history":[{"count":1,"href":"https:\/\/tvc16.com\/portal\/wp-json\/wp\/v2\/posts\/55638\/revisions"}],"predecessor-version":[{"id":55640,"href":"https:\/\/tvc16.com\/portal\/wp-json\/wp\/v2\/posts\/55638\/revisions\/55640"}],"wp:featuredmedia":[{"embeddable":true,"href":"https:\/\/tvc16.com\/portal\/wp-json\/wp\/v2\/media\/55639"}],"wp:attachment":[{"href":"https:\/\/tvc16.com\/portal\/wp-json\/wp\/v2\/media?parent=55638"}],"wp:term":[{"taxonomy":"category","embeddable":true,"href":"https:\/\/tvc16.com\/portal\/wp-json\/wp\/v2\/categories?post=55638"},{"taxonomy":"post_tag","embeddable":true,"href":"https:\/\/tvc16.com\/portal\/wp-json\/wp\/v2\/tags?post=55638"}],"curies":[{"name":"wp","href":"https:\/\/api.w.org\/{rel}","templated":true}]}}