{"id":55644,"date":"2023-03-17T16:39:01","date_gmt":"2023-03-17T19:39:01","guid":{"rendered":"https:\/\/tvc16.com\/portal\/?p=55644"},"modified":"2023-03-17T16:39:01","modified_gmt":"2023-03-17T19:39:01","slug":"bramil-supermercados-participa-de-mais-uma-edicao-do-premio-talentos-da-publicidade","status":"publish","type":"post","link":"https:\/\/tvc16.com\/portal\/2023\/03\/17\/bramil-supermercados-participa-de-mais-uma-edicao-do-premio-talentos-da-publicidade\/","title":{"rendered":"Bramil Supermercados participa de mais uma edi\u00e7\u00e3o do Pr\u00eamio Talentos da Publicidade"},"content":{"rendered":"\n<p><em>Rede ficou em 3\u00ba lugar na \u201ccategoria varejo\u201d e ganhou pr\u00eamio Destaque Regional<\/em><\/p>\n\n\n\n<p>Na noite de quinta-feira (16) foi promovida a 21\u00aa edi\u00e7\u00e3o do Pr\u00eamio Talentos da Publicidade, que avalia comerciais produzidos por ag\u00eancias, produtoras e estudantes universit\u00e1rios, e que s\u00e3o veiculados pela TV Rio Sul &#8211; idealizadora do projeto. Mais uma vez o Bramil Supermercados participou do evento e conquistou o 3\u00ba lugar na categoria Varejo, com o filme \u201cDe Virar a Cabe\u00e7a\u201d. Al\u00e9m disso, o Grupo Mil tamb\u00e9m foi convidado para ser um dos homenageados na nova categoria \u201cDesenvolvimento Regional\u201d e recebeu o pr\u00eamio que reconhece a compet\u00eancia, dedica\u00e7\u00e3o e excel\u00eancia nos resultados em sua trajet\u00f3ria com o Grupo Mil.<\/p>\n\n\n\n<blockquote class=\"wp-block-quote is-layout-flow wp-block-quote-is-layout-flow\">\n<figure class=\"wp-block-image size-large\"><img loading=\"lazy\" decoding=\"async\" width=\"576\" height=\"1024\" src=\"https:\/\/tvc16.com\/portal\/wp-content\/uploads\/2023\/03\/WhatsApp-Image-2023-03-17-at-14.06.52-576x1024.jpeg\" alt=\"\" class=\"wp-image-55646\" srcset=\"https:\/\/tvc16.com\/portal\/wp-content\/uploads\/2023\/03\/WhatsApp-Image-2023-03-17-at-14.06.52-576x1024.jpeg 576w, https:\/\/tvc16.com\/portal\/wp-content\/uploads\/2023\/03\/WhatsApp-Image-2023-03-17-at-14.06.52-169x300.jpeg 169w, https:\/\/tvc16.com\/portal\/wp-content\/uploads\/2023\/03\/WhatsApp-Image-2023-03-17-at-14.06.52-768x1365.jpeg 768w, https:\/\/tvc16.com\/portal\/wp-content\/uploads\/2023\/03\/WhatsApp-Image-2023-03-17-at-14.06.52-864x1536.jpeg 864w, https:\/\/tvc16.com\/portal\/wp-content\/uploads\/2023\/03\/WhatsApp-Image-2023-03-17-at-14.06.52.jpeg 900w\" sizes=\"auto, (max-width: 576px) 100vw, 576px\" \/><\/figure>\n<\/blockquote>\n\n\n\n<p>O Pr\u00eamio Talentos da Publicidade, maior pr\u00eamio de Publicidade e Propaganda do sul do estado do Rio de Janeiro, recebeu este ano 34 filmes inscritos. Um dos objetivos da campanha \u00e9 valorizar os profissionais que produzem os comerciais veiculados na emissora e que impactam mais de 1 milh\u00e3o de pessoas. A cerim\u00f4nia de premia\u00e7\u00e3o foi realizada no Graffith Hall, em Volta Redonda (RJ).<\/p>\n\n\n\n<p>\u201c\u00c9 muito gratificante participar de mais uma edi\u00e7\u00e3o de um projeto t\u00e3o importante, que valoriza uma gama enorme de profissionais que j\u00e1 atuam no mercado, assim como estudantes que est\u00e3o dando os primeiros passos na carreira. Tamb\u00e9m estou muito feliz por termos recebido os Pr\u00eamios Talentos da Publicidade e Destaque Regional\u201d, disse o diretor do Grupo Mil, Josemo J\u00fanior<\/p>\n\n\n\n<p>As outras categorias avaliadas foram valor social, campanha, institucional e varejo. Teve ainda uma categoria voltada para estudantes universit\u00e1rios.<\/p>\n","protected":false},"excerpt":{"rendered":"<p>Rede ficou em 3\u00ba lugar na \u201ccategoria varejo\u201d e ganhou pr\u00eamio Destaque Regional Na noite<\/p>\n","protected":false},"author":2,"featured_media":55645,"comment_status":"open","ping_status":"open","sticky":false,"template":"","format":"standard","meta":{"footnotes":""},"categories":[17],"tags":[],"class_list":["post-55644","post","type-post","status-publish","format-standard","has-post-thumbnail","hentry","category-outras-noticias"],"_links":{"self":[{"href":"https:\/\/tvc16.com\/portal\/wp-json\/wp\/v2\/posts\/55644","targetHints":{"allow":["GET"]}}],"collection":[{"href":"https:\/\/tvc16.com\/portal\/wp-json\/wp\/v2\/posts"}],"about":[{"href":"https:\/\/tvc16.com\/portal\/wp-json\/wp\/v2\/types\/post"}],"author":[{"embeddable":true,"href":"https:\/\/tvc16.com\/portal\/wp-json\/wp\/v2\/users\/2"}],"replies":[{"embeddable":true,"href":"https:\/\/tvc16.com\/portal\/wp-json\/wp\/v2\/comments?post=55644"}],"version-history":[{"count":1,"href":"https:\/\/tvc16.com\/portal\/wp-json\/wp\/v2\/posts\/55644\/revisions"}],"predecessor-version":[{"id":55647,"href":"https:\/\/tvc16.com\/portal\/wp-json\/wp\/v2\/posts\/55644\/revisions\/55647"}],"wp:featuredmedia":[{"embeddable":true,"href":"https:\/\/tvc16.com\/portal\/wp-json\/wp\/v2\/media\/55645"}],"wp:attachment":[{"href":"https:\/\/tvc16.com\/portal\/wp-json\/wp\/v2\/media?parent=55644"}],"wp:term":[{"taxonomy":"category","embeddable":true,"href":"https:\/\/tvc16.com\/portal\/wp-json\/wp\/v2\/categories?post=55644"},{"taxonomy":"post_tag","embeddable":true,"href":"https:\/\/tvc16.com\/portal\/wp-json\/wp\/v2\/tags?post=55644"}],"curies":[{"name":"wp","href":"https:\/\/api.w.org\/{rel}","templated":true}]}}