{"id":55651,"date":"2023-03-18T11:00:00","date_gmt":"2023-03-18T14:00:00","guid":{"rendered":"https:\/\/tvc16.com\/portal\/?p=55651"},"modified":"2023-03-17T21:18:36","modified_gmt":"2023-03-18T00:18:36","slug":"servidores-do-executivo-federal-aceitam-proposta-de-reajuste-de-9","status":"publish","type":"post","link":"https:\/\/tvc16.com\/portal\/2023\/03\/18\/servidores-do-executivo-federal-aceitam-proposta-de-reajuste-de-9\/","title":{"rendered":"Servidores do Executivo federal aceitam proposta de reajuste de 9%"},"content":{"rendered":"\n<h3 class=\"wp-block-heading\"><strong>Aumento passa a valer em 1\u00ba de maio com pagamento em junho<\/strong><\/h3>\n\n\n\n<p>Representantes dos servidores p\u00fablicos do Executivo federal aprovaram, nesta sexta-feira (17), a proposta do governo federal de\u00a0aumento\u00a0salarial de 9%\u00a0e acr\u00e9scimo de R$ 200 no aux\u00edlio-alimenta\u00e7\u00e3o, que passar\u00e1 de\u00a0R$ 458 para R$ 658. Pela proposta, o aumento passa valer a partir de 1\u00ba de maio, com o pagamento em junho, beneficiando servidores ativos, aposentados e pensionistas regidos pela Lei 8.112\/90.<img decoding=\"async\" src=\"https:\/\/agenciabrasil.ebc.com.br\/ebc.png?id=1517163&amp;o=node\"><img decoding=\"async\" src=\"https:\/\/agenciabrasil.ebc.com.br\/ebc.gif?id=1517163&amp;o=node\"><\/p>\n\n\n\n<p>Em reuni\u00e3o realizada com a categoria, a Confedera\u00e7\u00e3o dos Trabalhadores no Servi\u00e7o P\u00fablico Federal (Condsef) ratificou a aprova\u00e7\u00e3o da proposta, que foi aceita ontem (16) por mais da metade das assembleias das entidades filiadas \u00e0 confedera\u00e7\u00e3o.<\/p>\n\n\n\n<p>Na quarta-feira (15), a Federa\u00e7\u00e3o Nacional dos Policiais Federais (Fenapef) tamb\u00e9m aprovou a proposta do governo federal. Segundo o presidente da Fenapef, Marcus Firme, todos os sindicatos filiados \u00e0 entidade manifestaram-se favoravelmente. \u201cN\u00e3o \u00e9 o ideal, precisamos urgentemente de uma real reestrutura\u00e7\u00e3o salarial, mas continuaremos a defender a nossa proposta\u201d, afirmou.&nbsp;<\/p>\n\n\n\n<p>Em assembleia realizada na ter\u00e7a-feira (14), o Sindicato Nacional dos Funcion\u00e1rios do Banco Central (BC) tamb\u00e9m concordou com a proposta de reajuste. Segundo a entidade, o aumento vai recompor as perdas inflacion\u00e1rias dos \u00faltimos anos e, com o aumento da contribui\u00e7\u00e3o do BC, trar\u00e1 impactos positivos para o plano da sa\u00fade da categoria.<\/p>\n\n\n\n<p>Para garantir o pagamento da proposta, o governo precisar\u00e1 enviar um projeto de lei ao Congresso Nacional para alterar o Or\u00e7amento da Uni\u00e3o. Ainda n\u00e3o h\u00e1 previs\u00e3o para o envio da proposta.<\/p>\n\n\n\n<p>Por Ag\u00eancia Brasil<\/p>\n\n\n\n<p>Foto Jos\u00e9 Cruz<\/p>\n","protected":false},"excerpt":{"rendered":"<p>Aumento passa a valer em 1\u00ba de maio com pagamento em junho Representantes dos servidores<\/p>\n","protected":false},"author":2,"featured_media":55652,"comment_status":"open","ping_status":"open","sticky":false,"template":"","format":"standard","meta":{"footnotes":""},"categories":[17],"tags":[],"class_list":["post-55651","post","type-post","status-publish","format-standard","has-post-thumbnail","hentry","category-outras-noticias"],"_links":{"self":[{"href":"https:\/\/tvc16.com\/portal\/wp-json\/wp\/v2\/posts\/55651","targetHints":{"allow":["GET"]}}],"collection":[{"href":"https:\/\/tvc16.com\/portal\/wp-json\/wp\/v2\/posts"}],"about":[{"href":"https:\/\/tvc16.com\/portal\/wp-json\/wp\/v2\/types\/post"}],"author":[{"embeddable":true,"href":"https:\/\/tvc16.com\/portal\/wp-json\/wp\/v2\/users\/2"}],"replies":[{"embeddable":true,"href":"https:\/\/tvc16.com\/portal\/wp-json\/wp\/v2\/comments?post=55651"}],"version-history":[{"count":1,"href":"https:\/\/tvc16.com\/portal\/wp-json\/wp\/v2\/posts\/55651\/revisions"}],"predecessor-version":[{"id":55653,"href":"https:\/\/tvc16.com\/portal\/wp-json\/wp\/v2\/posts\/55651\/revisions\/55653"}],"wp:featuredmedia":[{"embeddable":true,"href":"https:\/\/tvc16.com\/portal\/wp-json\/wp\/v2\/media\/55652"}],"wp:attachment":[{"href":"https:\/\/tvc16.com\/portal\/wp-json\/wp\/v2\/media?parent=55651"}],"wp:term":[{"taxonomy":"category","embeddable":true,"href":"https:\/\/tvc16.com\/portal\/wp-json\/wp\/v2\/categories?post=55651"},{"taxonomy":"post_tag","embeddable":true,"href":"https:\/\/tvc16.com\/portal\/wp-json\/wp\/v2\/tags?post=55651"}],"curies":[{"name":"wp","href":"https:\/\/api.w.org\/{rel}","templated":true}]}}