{"id":55654,"date":"2023-03-18T13:00:00","date_gmt":"2023-03-18T16:00:00","guid":{"rendered":"https:\/\/tvc16.com\/portal\/?p=55654"},"modified":"2023-03-17T22:44:50","modified_gmt":"2023-03-18T01:44:50","slug":"regularizacao-do-parque-nacional-do-itatiaia-abrange-90-dos-imoveis","status":"publish","type":"post","link":"https:\/\/tvc16.com\/portal\/2023\/03\/18\/regularizacao-do-parque-nacional-do-itatiaia-abrange-90-dos-imoveis\/","title":{"rendered":"Regulariza\u00e7\u00e3o do Parque Nacional do Itatiaia abrange 90% dos im\u00f3veis"},"content":{"rendered":"\n<h3 class=\"wp-block-heading\"><strong>\u00c1rea foi criada em 1937 pelo ex-presidente Get\u00falio Vargas<\/strong><\/h3>\n\n\n\n<p>Cerca de 90% dos im\u00f3veis particulares situados no interior do Parque Nacional do Itatiaia,&nbsp;na Serra da Mantiqueira, abrangendo partes dos estados do Rio de Janeiro e de Minas Gerais, j\u00e1 se encontram em processo de regulariza\u00e7\u00e3o fundi\u00e1ria.<img decoding=\"async\" src=\"https:\/\/agenciabrasil.ebc.com.br\/ebc.png?id=1517153&amp;o=node\"><img decoding=\"async\" src=\"https:\/\/agenciabrasil.ebc.com.br\/ebc.gif?id=1517153&amp;o=node\"><\/p>\n\n\n\n<p>A informa\u00e7\u00e3o foi repassada pelo Instituto Chico Mendes de Conserva\u00e7\u00e3o da Biodiversidade (ICMBio) ao Minist\u00e9rio P\u00fablico Federal no Rio de Janeiro (MPF\/RJ) e atende a&nbsp;Termo de Ajustamento de Conduta (TAC) firmado entre as duas institui\u00e7\u00f5es em 2014.<\/p>\n\n\n\n<p>O objetivo do TAC \u00e9&nbsp;adequar integralmente a unidade de conserva\u00e7\u00e3o \u00e0s normas ambientais, ou seja, desapropriar \u00e1reas particulares existentes dentro do parque, de acordo com a norma vigente no per\u00edodo da constru\u00e7\u00e3o. Pelo termo assinado,&nbsp;as indeniza\u00e7\u00f5es devem incluir o valor do terreno e as edifica\u00e7\u00f5es constru\u00eddas antes da entrada em vigor do Sistema Nacional de Unidades de Conserva\u00e7\u00e3o (SNUC), em 2000. J\u00e1 as obras realizadas em \u00e1rea de preserva\u00e7\u00e3o permanente n\u00e3o devem ser indenizadas.<\/p>\n\n\n\n<h2 class=\"wp-block-heading\">Desapropria\u00e7\u00e3o<\/h2>\n\n\n\n<p>Consta tamb\u00e9m no documento que 369 processos administrativos de desapropria\u00e7\u00e3o, referentes a 458 propriedades, est\u00e3o em andamento. Outras 57 propriedades foram adquiridas e incorporadas ao patrim\u00f4nio ambiental p\u00fablico pelo ICMBio, equivalentes a uma \u00e1rea de 3,2 mil hectares. O Plano de Manejo do Parque estabeleceu as diretrizes para destina\u00e7\u00e3o de \u00e1reas particulares adquiridas pelo poder p\u00fablico.<\/p>\n\n\n\n<p>O instituto destacou que disp\u00f5e de R$ 4,2 milh\u00f5es para fins de desapropria\u00e7\u00e3o e pediu \u00e0 Coordena\u00e7\u00e3o Geral de Consolida\u00e7\u00e3o Territorial, em setembro do ano passado, uma complementa\u00e7\u00e3o de R$ 5,5 milh\u00f5es para atender exig\u00eancias do MPF em rela\u00e7\u00e3o a im\u00f3veis particulares.<\/p>\n\n\n\n<p>A regulariza\u00e7\u00e3o fundi\u00e1ria \u00e9 o processo que inclui medidas jur\u00eddicas, urban\u00edsticas, ambientais e sociais, com a finalidade de integrar assentamentos irregulares ao contexto legal das cidades, sendo um instrumento para promo\u00e7\u00e3o da cidadania que deve ser articulada com outras pol\u00edticas p\u00fablicas.<\/p>\n\n\n\n<h2 class=\"wp-block-heading\">Preserva\u00e7\u00e3o<\/h2>\n\n\n\n<p>Segundo o MPF, a atua\u00e7\u00e3o do \u00f3rg\u00e3o na \u00e1rea contribui para a preserva\u00e7\u00e3o de ecossistemas naturais, realiza\u00e7\u00e3o de pesquisas cient\u00edficas e para o desenvolvimento de a\u00e7\u00f5es de educa\u00e7\u00e3o ambiental e turismo ecol\u00f3gico na regi\u00e3o. O MPF frisou&nbsp;a recente abertura para o p\u00fablico de \u00e1reas que eram acess\u00edveis somente aos antigos donos, como a Cachoeira Itupi e o Po\u00e7o Espelho do C\u00e9u, em agosto de 2022.<\/p>\n\n\n\n<h2 class=\"wp-block-heading\">Hist\u00f3ria do parque<\/h2>\n\n\n\n<p>Primeiro parque nacional criado no Brasil em junho de 1937 pelo ex-presidente Get\u00falio Vargas, a \u00e1rea pertenceu ao Visconde de Mau\u00e1 e foi adquirida pela Fazenda Federal em 1908. O Parque Nacional do Itatiaia foi&nbsp;incorporado em 1914 ao patrim\u00f4nio do&nbsp;Jardim Bot\u00e2nico do Rio de Janeiro, que mantinha na regi\u00e3o a Esta\u00e7\u00e3o Biol\u00f3gica de Itatiaia.<\/p>\n\n\n\n<p>Localizado na Serra da Mantiqueira, o parque tem uma \u00e1rea de 280,8 km\u00b2, abrange os munic\u00edpios de Itatiaia e Resende, no Rio de Janeiro, e Bocaina de Minas e Itamonte, em Minas Gerais.\u00a0O nome\u00a0Itatiaia\u00a0\u00e9 de origem\u00a0tupi\u00a0e significa\u00a0penhasco cheio de pontas,\u00a0pedra pontuda.<\/p>\n\n\n\n<p>Por Francisco Eduardo Ferreira &#8211; Ag\u00eancia Brasil<\/p>\n\n\n\n<p>Foto Divulga\u00e7\u00e3o ICMBio<\/p>\n","protected":false},"excerpt":{"rendered":"<p>\u00c1rea foi criada em 1937 pelo ex-presidente Get\u00falio Vargas Cerca de 90% dos im\u00f3veis particulares<\/p>\n","protected":false},"author":2,"featured_media":55655,"comment_status":"open","ping_status":"open","sticky":false,"template":"","format":"standard","meta":{"footnotes":""},"categories":[17],"tags":[],"class_list":["post-55654","post","type-post","status-publish","format-standard","has-post-thumbnail","hentry","category-outras-noticias"],"_links":{"self":[{"href":"https:\/\/tvc16.com\/portal\/wp-json\/wp\/v2\/posts\/55654","targetHints":{"allow":["GET"]}}],"collection":[{"href":"https:\/\/tvc16.com\/portal\/wp-json\/wp\/v2\/posts"}],"about":[{"href":"https:\/\/tvc16.com\/portal\/wp-json\/wp\/v2\/types\/post"}],"author":[{"embeddable":true,"href":"https:\/\/tvc16.com\/portal\/wp-json\/wp\/v2\/users\/2"}],"replies":[{"embeddable":true,"href":"https:\/\/tvc16.com\/portal\/wp-json\/wp\/v2\/comments?post=55654"}],"version-history":[{"count":2,"href":"https:\/\/tvc16.com\/portal\/wp-json\/wp\/v2\/posts\/55654\/revisions"}],"predecessor-version":[{"id":55666,"href":"https:\/\/tvc16.com\/portal\/wp-json\/wp\/v2\/posts\/55654\/revisions\/55666"}],"wp:featuredmedia":[{"embeddable":true,"href":"https:\/\/tvc16.com\/portal\/wp-json\/wp\/v2\/media\/55655"}],"wp:attachment":[{"href":"https:\/\/tvc16.com\/portal\/wp-json\/wp\/v2\/media?parent=55654"}],"wp:term":[{"taxonomy":"category","embeddable":true,"href":"https:\/\/tvc16.com\/portal\/wp-json\/wp\/v2\/categories?post=55654"},{"taxonomy":"post_tag","embeddable":true,"href":"https:\/\/tvc16.com\/portal\/wp-json\/wp\/v2\/tags?post=55654"}],"curies":[{"name":"wp","href":"https:\/\/api.w.org\/{rel}","templated":true}]}}