{"id":55657,"date":"2023-03-18T14:00:00","date_gmt":"2023-03-18T17:00:00","guid":{"rendered":"https:\/\/tvc16.com\/portal\/?p=55657"},"modified":"2023-03-17T22:10:12","modified_gmt":"2023-03-18T01:10:12","slug":"semana-miss-petropolis-2023-conta-com-desfiles-workshops-palestras-e-concurso-oficial","status":"publish","type":"post","link":"https:\/\/tvc16.com\/portal\/2023\/03\/18\/semana-miss-petropolis-2023-conta-com-desfiles-workshops-palestras-e-concurso-oficial\/","title":{"rendered":"Semana Miss Petr\u00f3polis 2023 conta com desfiles, workshops, palestras e concurso oficial"},"content":{"rendered":"\n<p>Pela primeira vez Petr\u00f3polis ter\u00e1 uma programa\u00e7\u00e3o especial destinada as misses. A Semana Miss Petr\u00f3polis, organizada por Teresa Scherer com apoio da Prefeitura, come\u00e7a no s\u00e1bado, dia 18 de mar\u00e7o e segue o primeiro de abril, com a realiza\u00e7\u00e3o do concurso oficial Miss Petr\u00f3polis 2023.<\/p>\n\n\n\n<p>A organizadora do Miss Petr\u00f3polis (marca registrada no INPI), Teresa Scherer ressalta que n\u00e3o \u00e9 apenas um concurso de beleza, mas a valoriza\u00e7\u00e3o e autoestima da mulher.<\/p>\n\n\n\n<p><em>Conhe\u00e7a a programa\u00e7\u00e3o: Semana Miss Petr\u00f3polis<\/em><\/p>\n\n\n\n<p>18\/03 \u2013 Recebimento das faixas de Miss Bairros e Miss Pontos Tur\u00edsticos na Casa dos Conselhos, \u00e0s 17h<br>19\/03 \u2013 Passeio nos pontos tur\u00edsticos da cidade e fotos oficiais<br>21\/03 \u2013 Apresenta\u00e7\u00e3o das candidatas na C\u00e2mara Municipal, \u00e0s 16h<br>22\/03 \u2013 Palestra \u201cA Mulher na Sociedade\u201d aberto ao p\u00fablico feminino sobre sa\u00fade, direitos, autoestima e autocuidado \u2013 19h, com Teresa Scherer no Centro de Cultura Raul de Leoni<br>23\/03 \u2013 Workshop para as candidatas a Miss Petr\u00f3polis Infantil Juvenil, 19h no Centro de Cultura Raul de Leoni<br>24\/03 &#8211; Workshop para as candidatas a Miss Petr\u00f3polis, 19h no Centro de Cultura Raul de Leoni<br>01\/04 \u2013 Concurso Oficial Miss Petr\u00f3polis 2023 \u2013 19h30 no Centro de Cultura Raul de Leoni<\/p>\n","protected":false},"excerpt":{"rendered":"<p>Pela primeira vez Petr\u00f3polis ter\u00e1 uma programa\u00e7\u00e3o especial destinada as misses. A Semana Miss Petr\u00f3polis,<\/p>\n","protected":false},"author":2,"featured_media":37468,"comment_status":"open","ping_status":"open","sticky":false,"template":"","format":"standard","meta":{"footnotes":""},"categories":[12],"tags":[],"class_list":["post-55657","post","type-post","status-publish","format-standard","has-post-thumbnail","hentry","category-cidade"],"_links":{"self":[{"href":"https:\/\/tvc16.com\/portal\/wp-json\/wp\/v2\/posts\/55657","targetHints":{"allow":["GET"]}}],"collection":[{"href":"https:\/\/tvc16.com\/portal\/wp-json\/wp\/v2\/posts"}],"about":[{"href":"https:\/\/tvc16.com\/portal\/wp-json\/wp\/v2\/types\/post"}],"author":[{"embeddable":true,"href":"https:\/\/tvc16.com\/portal\/wp-json\/wp\/v2\/users\/2"}],"replies":[{"embeddable":true,"href":"https:\/\/tvc16.com\/portal\/wp-json\/wp\/v2\/comments?post=55657"}],"version-history":[{"count":1,"href":"https:\/\/tvc16.com\/portal\/wp-json\/wp\/v2\/posts\/55657\/revisions"}],"predecessor-version":[{"id":55658,"href":"https:\/\/tvc16.com\/portal\/wp-json\/wp\/v2\/posts\/55657\/revisions\/55658"}],"wp:featuredmedia":[{"embeddable":true,"href":"https:\/\/tvc16.com\/portal\/wp-json\/wp\/v2\/media\/37468"}],"wp:attachment":[{"href":"https:\/\/tvc16.com\/portal\/wp-json\/wp\/v2\/media?parent=55657"}],"wp:term":[{"taxonomy":"category","embeddable":true,"href":"https:\/\/tvc16.com\/portal\/wp-json\/wp\/v2\/categories?post=55657"},{"taxonomy":"post_tag","embeddable":true,"href":"https:\/\/tvc16.com\/portal\/wp-json\/wp\/v2\/tags?post=55657"}],"curies":[{"name":"wp","href":"https:\/\/api.w.org\/{rel}","templated":true}]}}