{"id":55676,"date":"2023-03-18T13:54:08","date_gmt":"2023-03-18T16:54:08","guid":{"rendered":"https:\/\/tvc16.com\/portal\/?p=55676"},"modified":"2023-03-18T13:54:09","modified_gmt":"2023-03-18T16:54:09","slug":"defesa-civil-do-municipio-de-petropolis-altera-estagio-operacional-da-cidade","status":"publish","type":"post","link":"https:\/\/tvc16.com\/portal\/2023\/03\/18\/defesa-civil-do-municipio-de-petropolis-altera-estagio-operacional-da-cidade\/","title":{"rendered":"<em>Defesa Civil do munic\u00edpio de Petr\u00f3polis altera est\u00e1gio operacional da cidade<\/em>"},"content":{"rendered":"\n<p><em>Atualiza\u00e7\u00e3o \u00e0s 13h35<\/em><\/p>\n\n\n\n<p>A Defesa Civil do munic\u00edpio, \u00e0s 13h35 deste s\u00e1bado (18\/03), alterou o est\u00e1gio operacional para <em>observa\u00e7\u00e3o<\/em> tendo em vista \u00e1reas de instabilidade atmosf\u00e9rica e condi\u00e7\u00f5es para ocorr\u00eancia de pancadas de chuvas moderada a partir da tarde de hoje (18).<\/p>\n\n\n\n<p>Previs\u00e3o meteorol\u00f3gica: instabilidades associadas ao transporte de umidade do oceano influenciam as condi\u00e7\u00f5es de tempo em Petr\u00f3polis.<\/p>\n\n\n\n<p><em>A Defesa Civil pede que a popula\u00e7\u00e3o fique atenta \u00e0s pr\u00f3ximas atualiza\u00e7\u00f5es.<\/em><\/p>\n\n\n\n<p>Cadastre o seu CEP atrav\u00e9s do envio de mensagem de texto para o n\u00famero 40199 para receber os alertas e acompanhe o portal da Prefeitura de Petr\u00f3polis.<\/p>\n\n\n\n<p>O Boletim Meteorol\u00f3gico atualizar\u00e1 a previs\u00e3o do tempo para a cidade, podendo ser acessado atrav\u00e9s do link: https:\/\/bit.ly\/3vmRgZ2<\/p>\n","protected":false},"excerpt":{"rendered":"<p>Atualiza\u00e7\u00e3o \u00e0s 13h35 A Defesa Civil do munic\u00edpio, \u00e0s 13h35 deste s\u00e1bado (18\/03), alterou o<\/p>\n","protected":false},"author":2,"featured_media":55677,"comment_status":"open","ping_status":"open","sticky":false,"template":"","format":"standard","meta":{"footnotes":""},"categories":[12],"tags":[],"class_list":["post-55676","post","type-post","status-publish","format-standard","has-post-thumbnail","hentry","category-cidade"],"_links":{"self":[{"href":"https:\/\/tvc16.com\/portal\/wp-json\/wp\/v2\/posts\/55676","targetHints":{"allow":["GET"]}}],"collection":[{"href":"https:\/\/tvc16.com\/portal\/wp-json\/wp\/v2\/posts"}],"about":[{"href":"https:\/\/tvc16.com\/portal\/wp-json\/wp\/v2\/types\/post"}],"author":[{"embeddable":true,"href":"https:\/\/tvc16.com\/portal\/wp-json\/wp\/v2\/users\/2"}],"replies":[{"embeddable":true,"href":"https:\/\/tvc16.com\/portal\/wp-json\/wp\/v2\/comments?post=55676"}],"version-history":[{"count":1,"href":"https:\/\/tvc16.com\/portal\/wp-json\/wp\/v2\/posts\/55676\/revisions"}],"predecessor-version":[{"id":55678,"href":"https:\/\/tvc16.com\/portal\/wp-json\/wp\/v2\/posts\/55676\/revisions\/55678"}],"wp:featuredmedia":[{"embeddable":true,"href":"https:\/\/tvc16.com\/portal\/wp-json\/wp\/v2\/media\/55677"}],"wp:attachment":[{"href":"https:\/\/tvc16.com\/portal\/wp-json\/wp\/v2\/media?parent=55676"}],"wp:term":[{"taxonomy":"category","embeddable":true,"href":"https:\/\/tvc16.com\/portal\/wp-json\/wp\/v2\/categories?post=55676"},{"taxonomy":"post_tag","embeddable":true,"href":"https:\/\/tvc16.com\/portal\/wp-json\/wp\/v2\/tags?post=55676"}],"curies":[{"name":"wp","href":"https:\/\/api.w.org\/{rel}","templated":true}]}}