{"id":5568,"date":"2020-11-13T19:03:05","date_gmt":"2020-11-13T22:03:05","guid":{"rendered":"https:\/\/tvc16.com\/portal\/?p=5568"},"modified":"2020-11-13T19:03:08","modified_gmt":"2020-11-13T22:03:08","slug":"dia-nacional-da-alfabetizacao-e-comemorado-com-poucos-avancos-na-area","status":"publish","type":"post","link":"https:\/\/tvc16.com\/portal\/2020\/11\/13\/dia-nacional-da-alfabetizacao-e-comemorado-com-poucos-avancos-na-area\/","title":{"rendered":"Dia Nacional da Alfabetiza\u00e7\u00e3o \u00e9 comemorado com poucos avan\u00e7os na \u00e1rea"},"content":{"rendered":"\n<p>Segundo especialistas, o Pa\u00eds est\u00e1 longe de alcan\u00e7ar meta de erradica\u00e7\u00e3o do analfabetismo em 2024<\/p>\n\n\n\n<p>Neste s\u00e1bado (14), o Brasil celebra o Dia Nacional da Alfabetiza\u00e7\u00e3o, data comemorada h\u00e1 mais de 50 anos com o objetivo de difundir a import\u00e2ncia da leitura e da escrita. Um dia que deveria ser celebrado mas ainda mostra n\u00fameros relevantes de brasileiros analfabetos. Segundo Pesquisa Nacional por Amostra de Domic\u00edlios (Pnad) Cont\u00ednua Educa\u00e7\u00e3o, do Instituto Brasileiro de Geografia e Estat\u00edstica (IBGE), 11 milh\u00f5es de cidad\u00e3os com 15 anos ou mais ainda n\u00e3o sabem ler e escrever. Entre 2018 e 2019, a taxa de analfabetismo teve uma leve melhora, passando de 6,8% para 6,6%.<\/p>\n\n\n\n<p>Emocionada, Rita Rom\u00e3o de Brito, 54 anos, moradora do Riacho Fundo 2, regi\u00e3o administrativa do Distrito Federal, lamenta o fato de n\u00e3o saber ler e escrever. O que mais incomoda a dona de casa \u00e9 ter que depender de outras pessoas em situa\u00e7\u00f5es simples, como obter informa\u00e7\u00f5es no banco.&nbsp;<\/p>\n\n\n\n<p>\u201c\u00c9 dif\u00edcil tenho que depender dos outros. Existe muita maldade. Algumas pessoas te passam para tr\u00e1s. Eu por exemplo, em certas situa\u00e7\u00f5es, fa\u00e7o a mesma pergunta para mais de uma pessoa\u201d, lamenta.&nbsp;<\/p>\n\n\n\n<p>Aproximadamente 12 quil\u00f4metros de onde vive dona Rita, em Taguatinga, Maria Clara Falc\u00e3o, 6 anos, vive uma realidade bem diferente. A pequena foi alfabetizada com 5 anos e tomou gosto pela leitura. \u201cQuando aprendi a ler comecei com gibis e outras hist\u00f3rias e fiquei super feliz. \u00c9 muito legal na escola! Gosto muito de desenhar tamb\u00e9m!\u201d<\/p>\n\n\n\n<p><strong><a href=\"https:\/\/brasil61.com\/noticias\/educacao-pode-perder-ate-r-40-bi-em-tributos-bras202477\" target=\"_blank\" rel=\"noreferrer noopener\">Educa\u00e7\u00e3o pode perder at\u00e9 R$ 40 bi em tributos<\/a><\/strong><\/p>\n\n\n\n<p><strong><a href=\"https:\/\/brasil61.com\/noticias\/estudo-aponta-que-redes-municipais-de-ensino-devem-sofrer-perda-de-ate-r-31-bi-na-arrecadacao-em-2020-bras201284\" target=\"_blank\" rel=\"noreferrer noopener\">Estudo aponta que redes municipais de ensino devem sofrer perda de at\u00e9 R$ 31 bi na arrecada\u00e7\u00e3o em 2020<\/a><\/strong><\/p>\n\n\n\n<p>Mas, infelizmente, essa n\u00e3o \u00e9 a realidade de muitos brasileiros e assim como Rita muitas pessoas s\u00e3o analfabetas. Fazendo um recorte por regi\u00f5es, \u00e9 poss\u00edvel constatar uma enorme disparidade entre as taxas de analfabetismo em pessoas acima de 15 anos. Nas regi\u00f5es Sul e no Sudeste, o \u00edndice \u00e9 de 3,3%, o Centro-Oeste aparece em seguida com uma taxa de 4,9% e a regi\u00e3o Norte, 7,6%. J\u00e1 na regi\u00e3o Nordeste o percentual \u00e9 de 13,9%.&nbsp;<\/p>\n\n\n\n<figure class=\"wp-block-image\"><img decoding=\"async\" src=\"\/\/s3-sa-east-1.amazonaws.com\/agencia-radio-arb\/3124\/content_taxa-analfabetismo.png\" alt=\"\"\/><\/figure>\n\n\n\n<p>Entre os brasileiros com 60 anos ou mais, os \u00edndices de analfabetismo s\u00e3o ainda maiores, alcan\u00e7ando 9,5% na Regi\u00e3o Sul; 9,7% no Sudeste; 16,6% no Centro-Oeste; 25,5% no Norte; e 37,2% no Nordeste.<\/p>\n\n\n\n<p>A quest\u00e3o racial tamb\u00e9m tem grande impacto entre as pessoas que n\u00e3o sabem ler ou escrever. &nbsp;Enquanto a taxa de analfabetismo entre brasileiros da cor branca com 15 anos ou mais \u00e9 de 3,6%, na popula\u00e7\u00e3o preta ou parda o \u00edndice alcan\u00e7a 8,9%, de acordo com o IBGE.<\/p>\n\n\n\n<p>Segundo o especialista em Educa\u00e7\u00e3o, Afonso Galv\u00e3o, a situa\u00e7\u00e3o da Educa\u00e7\u00e3o B\u00e1sica no Pa\u00eds ainda \u00e9 prec\u00e1ria. Ele afirma que \u00e9 preciso um enfrentamento maior contra o analfabetismo. \u201cN\u00e3o sei se h\u00e1 muito o que comemorar. O que esses dados mostram \u00e9 uma situa\u00e7\u00e3o da Educa\u00e7\u00e3o B\u00e1sica que ainda \u00e9 prec\u00e1ria em termos de qualidade e que, quantitativamente, n\u00e3o atende a maior parte da popula\u00e7\u00e3o\u201d, explica Galv\u00e3o.<\/p>\n\n\n\n<h2 class=\"wp-block-heading\">Meta<\/h2>\n\n\n\n<p>Em 2014, foi aprovado o <a href=\"http:\/\/pne.mec.gov.br\/18-planos-subnacionais-de-educacao\/543-plano-nacional-de-educacao-lei-n-13-005-2014\" target=\"_blank\" rel=\"noreferrer noopener\">Plano Nacional de Educa\u00e7\u00e3o (PNE)<\/a>, que tem entre as metas erradicar o analfabetismo a pessoas de 15 anos ou mais at\u00e9 2024. A iniciativa tamb\u00e9m tem o objetivo de reduzir \u00e0 metade a taxa do analfabetismo funcional.&nbsp;<\/p>\n\n\n\n<p>O presidente da Uni\u00e3o Nacional dos Dirigentes Municipais de Educa\u00e7\u00e3o (Undime), Luiz Miguel Martins Garcia, defende a\u00e7\u00f5es mais integradas do Governo Federal com estados e munic\u00edpios. Segundo ele, no ritmo em que o problema vem sendo enfrentado, pode demorar mais de um s\u00e9culo para que o analfabetismo seja erradicado no Brasil.<\/p>\n\n\n\n<p>\u201cO recuo de 0,2% [entre 2018&nbsp;e 2019] \u00e9 um sinalizador que mostra que o Pa\u00eds n\u00e3o vai conseguir vencer o analfabetismo mesmo daqui a 100 anos.\u201d<\/p>\n\n\n\n<h2 class=\"wp-block-heading\">Analfabetismo funcional<\/h2>\n\n\n\n<p>Outro gargalo a ser enfrentado pelo poder p\u00fablico brasileiro \u00e9 reduzir o n\u00famero de analfabetos funcionais. Segundo o Indicador de Alfabetismo Funcional (Inaf), divulgado em 2018, pesquisa idealizada pelo Instituto Paulo Montenegro e pela ONG A\u00e7\u00e3o Educativa, com apoio do Ibope Intelig\u00eancia, 30% dos brasileiros integravam esse grupo. S\u00e3o considerados analfabetos funcionais, por exemplo, pessoas com dificuldades em interpretar textos simples ou resolver problemas matem\u00e1ticos cotidianos.&nbsp;<\/p>\n\n\n\n<h2 class=\"wp-block-heading\">Outro lado<\/h2>\n\n\n\n<p>A reportagem do portal Brasil61.com entrou em contato com o Minist\u00e9rio da Educa\u00e7\u00e3o para obter informa\u00e7\u00f5es sobre investimentos e medidas que est\u00e3o sendo tomadas para combate ao analfabetismo, por\u00e9m n\u00e3o obteve resposta.<\/p>\n\n\n\n<p>Fonte: <a href=\"https:\/\/brasil61.com\/noticias\/dia-nacional-da-alfabetizacao-e-comemorado-com-poucos-avancos-na-area-bras202577?email=bethdeoliveira@yahoo.com.br&amp;utm_source=newsletter&amp;utm_medium=newsletter&amp;utm_campaign=newsletter\" target=\"_blank\" rel=\"noreferrer noopener\">Brasil 61<\/a><\/p>\n","protected":false},"excerpt":{"rendered":"<p>Segundo especialistas, o Pa\u00eds est\u00e1 longe de alcan\u00e7ar meta de erradica\u00e7\u00e3o do analfabetismo em 2024<\/p>\n","protected":false},"author":2,"featured_media":5569,"comment_status":"open","ping_status":"open","sticky":false,"template":"","format":"standard","meta":{"footnotes":""},"categories":[19],"tags":[],"class_list":["post-5568","post","type-post","status-publish","format-standard","has-post-thumbnail","hentry","category-educacao"],"_links":{"self":[{"href":"https:\/\/tvc16.com\/portal\/wp-json\/wp\/v2\/posts\/5568","targetHints":{"allow":["GET"]}}],"collection":[{"href":"https:\/\/tvc16.com\/portal\/wp-json\/wp\/v2\/posts"}],"about":[{"href":"https:\/\/tvc16.com\/portal\/wp-json\/wp\/v2\/types\/post"}],"author":[{"embeddable":true,"href":"https:\/\/tvc16.com\/portal\/wp-json\/wp\/v2\/users\/2"}],"replies":[{"embeddable":true,"href":"https:\/\/tvc16.com\/portal\/wp-json\/wp\/v2\/comments?post=5568"}],"version-history":[{"count":1,"href":"https:\/\/tvc16.com\/portal\/wp-json\/wp\/v2\/posts\/5568\/revisions"}],"predecessor-version":[{"id":5570,"href":"https:\/\/tvc16.com\/portal\/wp-json\/wp\/v2\/posts\/5568\/revisions\/5570"}],"wp:featuredmedia":[{"embeddable":true,"href":"https:\/\/tvc16.com\/portal\/wp-json\/wp\/v2\/media\/5569"}],"wp:attachment":[{"href":"https:\/\/tvc16.com\/portal\/wp-json\/wp\/v2\/media?parent=5568"}],"wp:term":[{"taxonomy":"category","embeddable":true,"href":"https:\/\/tvc16.com\/portal\/wp-json\/wp\/v2\/categories?post=5568"},{"taxonomy":"post_tag","embeddable":true,"href":"https:\/\/tvc16.com\/portal\/wp-json\/wp\/v2\/tags?post=5568"}],"curies":[{"name":"wp","href":"https:\/\/api.w.org\/{rel}","templated":true}]}}