{"id":5571,"date":"2020-11-13T19:04:58","date_gmt":"2020-11-13T22:04:58","guid":{"rendered":"https:\/\/tvc16.com\/portal\/?p=5571"},"modified":"2020-11-13T19:05:00","modified_gmt":"2020-11-13T22:05:00","slug":"transporte-de-eleitores-para-os-locais-de-votacao-e-proibido-pelo-tse","status":"publish","type":"post","link":"https:\/\/tvc16.com\/portal\/2020\/11\/13\/transporte-de-eleitores-para-os-locais-de-votacao-e-proibido-pelo-tse\/","title":{"rendered":"Transporte de eleitores para os locais de vota\u00e7\u00e3o \u00e9 proibido pelo TSE"},"content":{"rendered":"\n<p>Restri\u00e7\u00e3o tamb\u00e9m alcan\u00e7a fornecimento de alimentos no dia do pleito. Objetivo \u00e9 impedir qualquer interfer\u00eancia na vontade do eleitor<\/p>\n\n\n\n<p>Os eleitores que moram em \u00e1reas rurais e distantes das zonas eleitorais dever\u00e3o contar com o <a href=\"https:\/\/www.tse.jus.br\/imprensa\/noticias-tse\/2020\/Novembro\/faltam-7-dias-somente-a-justica-eleitoral-pode-transportar-eleitores-ate-o-local-da-votacao\">transporte oficial credenciado ao Tribunal Superior Eleitoral (TSE) <\/a>no pr\u00f3ximo domingo (15), para ir at\u00e9 os locais de vota\u00e7\u00e3o. De acordo com a <a href=\"https:\/\/www.tse.jus.br\/legislacao\/codigo-eleitoral\/leis-ordinarias\/lei-nb0-6.091-de-15-de-agosto-de-1974\">Lei 6.091\/74 do TSE<\/a>, \u00e9 vedado aos candidatos ou \u00f3rg\u00e3os partid\u00e1rios, ou a qualquer pessoa, o fornecimento deste transporte, sob risco de responsabiliza\u00e7\u00e3o criminal.&nbsp;<br>No Par\u00e1, por conta da extens\u00e3o territorial do estado, os t\u00e9cnicos da Justi\u00e7a Eleitoral v\u00e3o fazer uso de transporte mar\u00edtimo, a\u00e9reo, terrestre e de for\u00e7a animal, como b\u00fafalos e cavalos, para chegar aos locais de vota\u00e7\u00e3o. Um dos principais focos s\u00e3o os eleitores moradores de aldeias ind\u00edgenas. S\u00e3o 9.500 eleitores destas comunidades e 29 locais de vota\u00e7\u00e3o distribu\u00eddos em 40 se\u00e7\u00f5es eleitorais.<\/p>\n\n\n\n<p><strong><a href=\"https:\/\/brasil61.com\/noticias\/eleicoes-2020-saiba-como-justificar-a-ausencia-nas-eleicoes-deste-ano-bras202501\">ELEI\u00c7\u00d5ES 2020: Saiba como justificar a aus\u00eancia nas elei\u00e7\u00f5es deste ano<\/a><\/strong><\/p>\n\n\n\n<p><strong><a href=\"https:\/\/brasil61.com\/noticias\/mais-de-um-milhao-de-pessoas-com-deficiencia-devem-votar-no-proximo-dia-15-bras202522\">Mais de um milh\u00e3o de pessoas com defici\u00eancia devem votar no pr\u00f3ximo dia 15<\/a><\/strong><\/p>\n\n\n\n<p><strong><a href=\"https:\/\/brasil61.com\/noticias\/eleicoes-2020-assassinatos-a-candidatos-triplica-nos-ultimos-quatro-anos-bras202493\">Elei\u00e7\u00f5es 2020: assassinatos a candidatos triplica nos \u00faltimos quatro anos<\/a><\/strong><\/p>\n\n\n\n<p>Segundo explica o cientista pol\u00edtico Valdir Pucci, estas caracter\u00edsticas continentais do Pa\u00eds, com munic\u00edpios que chegam a ter at\u00e9 1000 km de dist\u00e2ncia entre uma ponta a outra e a concentra\u00e7\u00e3o de zonas eleitorais em \u00e1reas urbanas, atreladas a obrigatoriedade do voto, deixam parte da popula\u00e7\u00e3o vulner\u00e1vel ao fornecimento de transporte irregular por parte de candidatos e partidos.&nbsp;<br>&nbsp;<br>\u201cJ\u00e1 foi objeto de estudo na hist\u00f3ria brasileira o transporte irregular de eleitores para que eles pudessem votar. As pessoas ou os interessados, cabos eleitorais e at\u00e9 o pr\u00f3prio candidato ofereciam um transporte gratuito a estes cidad\u00e3os para suas se\u00e7\u00f5es para que cumprissem a obrigatoriedade do voto, desde que a moeda de troca desse transporte fosse o voto na pessoa que estava providenciando essa ida a se\u00e7\u00e3o eleitoral\u201d, explica.&nbsp;<\/p>\n\n\n\n<p>Para solucionar este problema a Justi\u00e7a Eleitoral determina por meio da Lei que os transportes da uni\u00e3o devem ficar \u00e0 disposi\u00e7\u00e3o do processo eleitoral neste dia, conforme explica o advogado eleitoral Ariel Sangaletti. \u201cA Lei \u00e9 clara ao dizer que o transporte terrestre, aqu\u00e1tico e a\u00e9reo de propriedade da Uni\u00e3o, Estados e Munic\u00edpios devem estar \u00e0 disposi\u00e7\u00e3o da Justi\u00e7a Eleitoral, com a ressalva dos militares. Lembrando que os ve\u00edculos das institui\u00e7\u00f5es ditas essenciais para a sociedade, como sa\u00fade e seguran\u00e7a p\u00fablica n\u00e3o poder\u00e3o ser utilizados, justamente para garantir o efetivo funcionamento do controle social.\u201d<\/p>\n\n\n\n<p>Caso a cidade ou munic\u00edpio sejam prec\u00e1rios nesse sentido, a Justi\u00e7a Eleitoral dever\u00e1 dar prefer\u00eancia aos transportes de aluguel. O advogado explica que para ter certeza de que o transporte est\u00e1 \u00e0 servi\u00e7o da Justi\u00e7a Eleitoral \u00e9 necess\u00e1rio observar alguma identifica\u00e7\u00e3o como adesivo com os dizeres: \u201cA servi\u00e7o da Justi\u00e7a Eleitoral\u201d, por exemplo. Al\u00e9m disso, \u00e9 importante refor\u00e7ar que a regra da proibi\u00e7\u00e3o vale para o s\u00e1bado (14), dia que antecede a elei\u00e7\u00e3o, e tamb\u00e9m para a segunda-feira (16).<\/p>\n\n\n\n<p>Na Bahia a 24\u00aa Zona Eleitoral, com sede na cidade de Ipia\u00fa, no M\u00e9dio Rio de Contas, implantou rotas de transporte para atender, exclusivamente, eleitores com defici\u00eancias, no dia das Elei\u00e7\u00f5es Municipais. Conforme o Tribunal Regional Eleitoral (TRE-BA), tr\u00eas delas atender\u00e3o nas cidades de Ipia\u00fa, tr\u00eas em Ibirataia e duas em Jita\u00fana.<\/p>\n\n\n\n<p>Segundo o TRE o servi\u00e7o funcionar\u00e1 somente por agendamento atrav\u00e9s do Whatsapp (73) 3531-5350. Durante a solicita\u00e7\u00e3o, o eleitor deve indicar seu t\u00edtulo, endere\u00e7o residencial e local de vota\u00e7\u00e3o para saber o hor\u00e1rio dispon\u00edvel.<\/p>\n\n\n\n<p>Na Amaz\u00f4nia e em Rond\u00f4nia o transporte tamb\u00e9m ficar\u00e1 a cargo das zonas eleitorais, nos munic\u00edpios. Os eleitores dever\u00e3o buscar os canais de contato das unidades para ter mais informa\u00e7\u00f5es.&nbsp;<\/p>\n\n\n\n<p>No Paran\u00e1, os munic\u00edpios de Palmas e Coronel Domingos Soares, j\u00e1 divulgaram o itiner\u00e1rio do \u00f4nibus que passar\u00e1 a servi\u00e7o da Justi\u00e7a Eleitoral. S\u00e3o 14 percursos, com sa\u00eddas \u00e0s 6h30 e retorno \u00e0s 11h, e ainda sa\u00eddas \u00e0s 14h e retorno \u00e0s 17h15. Em Coronel Domingos Soares foram nomeados 19 motoristas e em Palmas foram 14. Os percursos podem ser consultados no edital 47\/2020 dispon\u00edvel no site do Tribunal Regional do Paran\u00e1.<\/p>\n\n\n\n<h2 class=\"wp-block-heading\">Crime Eleitoral<\/h2>\n\n\n\n<p>O transporte irregular de eleitores \u00e9 crime \u00e9 tem pena aplicada de quatro a seis anos, al\u00e9m do pagamento de R$ 200,00 a R$ 300 reais por dia\/multa, conforme o artigo 302 do C\u00f3digo Eleitoral.&nbsp;<br>Ainda assim, de acordo com o advogado especialista em Direito Criminal, Guilherme Costa, a responsabiliza\u00e7\u00e3o criminal s\u00f3 ocorre se comprovada a m\u00e1-f\u00e9 da pr\u00e1tica. \u201c\u00c9 necess\u00e1rio que exista o dolo espec\u00edfico, ou seja, que o agente tenha vontade de corromper os eleitores em prol de determinado partido, ou de certo candidato. O mero transporte do eleitor desacompanhado de elementos que evidenciam esse fim espec\u00edfico de pedir o voto \u00e9 conduta at\u00edpica\u201d, detalha.<br><img decoding=\"async\" alt=\"\" src=\"\/\/s3-sa-east-1.amazonaws.com\/agencia-radio-arb\/3126\/content_transporte-eleitores.png\"><\/p>\n\n\n\n<p>Fonte: <a href=\"https:\/\/brasil61.com\/noticias\/transporte-de-eleitores-para-os-locais-de-votacao-e-proibido-pelo-tse-bras202578?email=bethdeoliveira@yahoo.com.br&amp;utm_source=newsletter&amp;utm_medium=newsletter&amp;utm_campaign=newsletter\" target=\"_blank\" rel=\"noreferrer noopener\">Brasil 61<\/a><\/p>\n","protected":false},"excerpt":{"rendered":"<p>Restri\u00e7\u00e3o tamb\u00e9m alcan\u00e7a fornecimento de alimentos no dia do pleito. Objetivo \u00e9 impedir qualquer interfer\u00eancia<\/p>\n","protected":false},"author":2,"featured_media":5572,"comment_status":"open","ping_status":"open","sticky":false,"template":"","format":"standard","meta":{"footnotes":""},"categories":[15],"tags":[],"class_list":["post-5571","post","type-post","status-publish","format-standard","has-post-thumbnail","hentry","category-politica"],"_links":{"self":[{"href":"https:\/\/tvc16.com\/portal\/wp-json\/wp\/v2\/posts\/5571","targetHints":{"allow":["GET"]}}],"collection":[{"href":"https:\/\/tvc16.com\/portal\/wp-json\/wp\/v2\/posts"}],"about":[{"href":"https:\/\/tvc16.com\/portal\/wp-json\/wp\/v2\/types\/post"}],"author":[{"embeddable":true,"href":"https:\/\/tvc16.com\/portal\/wp-json\/wp\/v2\/users\/2"}],"replies":[{"embeddable":true,"href":"https:\/\/tvc16.com\/portal\/wp-json\/wp\/v2\/comments?post=5571"}],"version-history":[{"count":1,"href":"https:\/\/tvc16.com\/portal\/wp-json\/wp\/v2\/posts\/5571\/revisions"}],"predecessor-version":[{"id":5573,"href":"https:\/\/tvc16.com\/portal\/wp-json\/wp\/v2\/posts\/5571\/revisions\/5573"}],"wp:featuredmedia":[{"embeddable":true,"href":"https:\/\/tvc16.com\/portal\/wp-json\/wp\/v2\/media\/5572"}],"wp:attachment":[{"href":"https:\/\/tvc16.com\/portal\/wp-json\/wp\/v2\/media?parent=5571"}],"wp:term":[{"taxonomy":"category","embeddable":true,"href":"https:\/\/tvc16.com\/portal\/wp-json\/wp\/v2\/categories?post=5571"},{"taxonomy":"post_tag","embeddable":true,"href":"https:\/\/tvc16.com\/portal\/wp-json\/wp\/v2\/tags?post=5571"}],"curies":[{"name":"wp","href":"https:\/\/api.w.org\/{rel}","templated":true}]}}