{"id":5580,"date":"2020-11-13T19:11:39","date_gmt":"2020-11-13T22:11:39","guid":{"rendered":"https:\/\/tvc16.com\/portal\/?p=5580"},"modified":"2020-11-13T19:11:42","modified_gmt":"2020-11-13T22:11:42","slug":"mercado-de-trabalho-comeca-a-recuperar-parte-das-vagas-perdidas-na-pandemia","status":"publish","type":"post","link":"https:\/\/tvc16.com\/portal\/2020\/11\/13\/mercado-de-trabalho-comeca-a-recuperar-parte-das-vagas-perdidas-na-pandemia\/","title":{"rendered":"Mercado de trabalho come\u00e7a a recuperar parte das vagas perdidas na pandemia"},"content":{"rendered":"\n<p>De julho a setembro deste ano, o Brasil registrou um crescimento de 1,5 milh\u00e3o da popula\u00e7\u00e3o ocupada. O dado faz parte de um estudo do Instituto de Pesquisa Econ\u00f4mica Aplicada (Ipea).<\/p>\n\n\n\n<p>De julho a setembro deste ano, o Brasil registrou um crescimento de 1,5 milh\u00e3o da popula\u00e7\u00e3o ocupada. O dado faz parte de um estudo do Instituto de Pesquisa Econ\u00f4mica Aplicada (Ipea). Segundo as bases de dados do Instituto Brasileiro de Geografia e Estat\u00edstica (IBGE), esse \u00e9 o primeiro movimento de recupera\u00e7\u00e3o parcial do n\u00famero de postos de trabalho perdidos desde o in\u00edcio da pandemia.&nbsp;<\/p>\n\n\n\n<p>A estimativa da pesquisa tem como base a PNAD Cont\u00ednua. Os setores de atividade que mais sofreram redu\u00e7\u00e3o de postos de trabalho entre fevereiro e setembro foram os de servi\u00e7os dom\u00e9sticos, com queda de 32,1%, e o grupo de alojamento e alimenta\u00e7\u00e3o, cujas vagas foram reduzidas em 34,5%.&nbsp;<\/p>\n\n\n\n<p><a href=\"https:\/\/brasil61.com\/noticias\/mpes-investem-em-consultorias-do-sebrae-para-superar-crise-e-retomar-atividades-de-forma-segura-sebr200020\"><strong>MPEs investem em consultorias do Sebrae para superar crise e retomar atividades de forma segura<\/strong><\/a><\/p>\n\n\n\n<p><a href=\"https:\/\/brasil61.com\/noticias\/legislacao-atual-traz-mais-facilidade-para-quem-quer-empreender-no-brasil-sebr200022\"><strong>Legisla\u00e7\u00e3o atual traz mais facilidade para quem quer empreender no Brasil<\/strong><\/a><\/p>\n\n\n\n<p>Por sua vez, os grupos de atividades que registraram crescimento no mesmo per\u00edodo foram dois: administra\u00e7\u00e3o p\u00fablica, defesa, seguridade, educa\u00e7\u00e3o, sa\u00fade humana e servi\u00e7os sociais (+6,5%); e informa\u00e7\u00e3o, comunica\u00e7\u00e3o e atividades financeiras, imobili\u00e1rias, profissionais e administrativas (+0,5%).<\/p>\n\n\n\n<p>Segundo o instituto, se o aumento dos postos de trabalho n\u00e3o for mais r\u00e1pido, a taxa de desocupa\u00e7\u00e3o tender\u00e1 a subir. Isso ocorre porque a flexibiliza\u00e7\u00e3o do isolamento social e a redu\u00e7\u00e3o do valor do aux\u00edlio emergencial podem estimular as pessoas que tinham parado de procurar emprego durante a pandemia a tentar de novo uma posi\u00e7\u00e3o no mercado de trabalho.<\/p>\n\n\n\n<p>Fonte: <a href=\"https:\/\/brasil61.com\/noticias\/mercado-de-trabalho-comeca-a-recuperar-parte-das-vagas-perdidas-na-pandemia-bras202559?email=bethdeoliveira@yahoo.com.br&amp;utm_source=newsletter&amp;utm_medium=newsletter&amp;utm_campaign=newsletter\" target=\"_blank\" rel=\"noreferrer noopener\">Brasil 61<\/a><\/p>\n","protected":false},"excerpt":{"rendered":"<p>De julho a setembro deste ano, o Brasil registrou um crescimento de 1,5 milh\u00e3o da<\/p>\n","protected":false},"author":2,"featured_media":5581,"comment_status":"open","ping_status":"open","sticky":false,"template":"","format":"standard","meta":{"footnotes":""},"categories":[18],"tags":[],"class_list":["post-5580","post","type-post","status-publish","format-standard","has-post-thumbnail","hentry","category-economia"],"_links":{"self":[{"href":"https:\/\/tvc16.com\/portal\/wp-json\/wp\/v2\/posts\/5580","targetHints":{"allow":["GET"]}}],"collection":[{"href":"https:\/\/tvc16.com\/portal\/wp-json\/wp\/v2\/posts"}],"about":[{"href":"https:\/\/tvc16.com\/portal\/wp-json\/wp\/v2\/types\/post"}],"author":[{"embeddable":true,"href":"https:\/\/tvc16.com\/portal\/wp-json\/wp\/v2\/users\/2"}],"replies":[{"embeddable":true,"href":"https:\/\/tvc16.com\/portal\/wp-json\/wp\/v2\/comments?post=5580"}],"version-history":[{"count":1,"href":"https:\/\/tvc16.com\/portal\/wp-json\/wp\/v2\/posts\/5580\/revisions"}],"predecessor-version":[{"id":5582,"href":"https:\/\/tvc16.com\/portal\/wp-json\/wp\/v2\/posts\/5580\/revisions\/5582"}],"wp:featuredmedia":[{"embeddable":true,"href":"https:\/\/tvc16.com\/portal\/wp-json\/wp\/v2\/media\/5581"}],"wp:attachment":[{"href":"https:\/\/tvc16.com\/portal\/wp-json\/wp\/v2\/media?parent=5580"}],"wp:term":[{"taxonomy":"category","embeddable":true,"href":"https:\/\/tvc16.com\/portal\/wp-json\/wp\/v2\/categories?post=5580"},{"taxonomy":"post_tag","embeddable":true,"href":"https:\/\/tvc16.com\/portal\/wp-json\/wp\/v2\/tags?post=5580"}],"curies":[{"name":"wp","href":"https:\/\/api.w.org\/{rel}","templated":true}]}}