{"id":5586,"date":"2020-11-13T19:20:52","date_gmt":"2020-11-13T22:20:52","guid":{"rendered":"https:\/\/tvc16.com\/portal\/?p=5586"},"modified":"2020-11-13T19:21:08","modified_gmt":"2020-11-13T22:21:08","slug":"5586","status":"publish","type":"post","link":"https:\/\/tvc16.com\/portal\/2020\/11\/13\/5586\/","title":{"rendered":"China cumprimenta Biden por vit\u00f3ria eleitoral nos EUA"},"content":{"rendered":"\n<h2 class=\"wp-block-heading\">Elei\u00e7\u00e3o presidencial foi realizada no dia 3 de novembro<\/h2>\n\n\n\n<h4 class=\"wp-block-heading\">Por Yew Lun Tian &#8211; Reuters <\/h4>\n\n\n\n<p>O Minist\u00e9rio das Rela\u00e7\u00f5es Exteriores da China parabenizou nesta sexta-feira (13) o presidente eleito dos Estados Unidos, Joe Biden, e a vice-presidente eleita do pa\u00eds, Kamala Harris, pela vit\u00f3ria na elei\u00e7\u00e3o presidencial norte-americana de 3 de novembro, cujo resultado o atual presidente dos EUA, Donald Trump, se recusa a reconhecer.<img decoding=\"async\" src=\"https:\/\/agenciabrasil.ebc.com.br\/ebc.png?id=1393097&amp;o=node\"><img decoding=\"async\" src=\"https:\/\/agenciabrasil.ebc.com.br\/ebc.gif?id=1393097&amp;o=node\"><\/p>\n\n\n\n<p>&#8220;Respeitamos a escolha do povo americano. Ampliamos as congratula\u00e7\u00f5es ao senhor Biden e \u00e0 senhora Harris&#8221;, disse o porta-voz do minist\u00e9rio chin\u00eas Wang Wenbin em uma entrevista coletiva de rotina.<\/p>\n\n\n\n<p>&#8220;Entendemos que os resultado da elei\u00e7\u00e3o norte-americana ser\u00e1 determinado de acordo com as leis e procedimento norte-americanos&#8221;, acrescentou.<\/p>\n","protected":false},"excerpt":{"rendered":"<p>Elei\u00e7\u00e3o presidencial foi realizada no dia 3 de novembro Por Yew Lun Tian &#8211; Reuters<\/p>\n","protected":false},"author":2,"featured_media":5587,"comment_status":"open","ping_status":"open","sticky":false,"template":"","format":"standard","meta":{"footnotes":""},"categories":[22],"tags":[],"class_list":["post-5586","post","type-post","status-publish","format-standard","has-post-thumbnail","hentry","category-internacional"],"_links":{"self":[{"href":"https:\/\/tvc16.com\/portal\/wp-json\/wp\/v2\/posts\/5586","targetHints":{"allow":["GET"]}}],"collection":[{"href":"https:\/\/tvc16.com\/portal\/wp-json\/wp\/v2\/posts"}],"about":[{"href":"https:\/\/tvc16.com\/portal\/wp-json\/wp\/v2\/types\/post"}],"author":[{"embeddable":true,"href":"https:\/\/tvc16.com\/portal\/wp-json\/wp\/v2\/users\/2"}],"replies":[{"embeddable":true,"href":"https:\/\/tvc16.com\/portal\/wp-json\/wp\/v2\/comments?post=5586"}],"version-history":[{"count":2,"href":"https:\/\/tvc16.com\/portal\/wp-json\/wp\/v2\/posts\/5586\/revisions"}],"predecessor-version":[{"id":5589,"href":"https:\/\/tvc16.com\/portal\/wp-json\/wp\/v2\/posts\/5586\/revisions\/5589"}],"wp:featuredmedia":[{"embeddable":true,"href":"https:\/\/tvc16.com\/portal\/wp-json\/wp\/v2\/media\/5587"}],"wp:attachment":[{"href":"https:\/\/tvc16.com\/portal\/wp-json\/wp\/v2\/media?parent=5586"}],"wp:term":[{"taxonomy":"category","embeddable":true,"href":"https:\/\/tvc16.com\/portal\/wp-json\/wp\/v2\/categories?post=5586"},{"taxonomy":"post_tag","embeddable":true,"href":"https:\/\/tvc16.com\/portal\/wp-json\/wp\/v2\/tags?post=5586"}],"curies":[{"name":"wp","href":"https:\/\/api.w.org\/{rel}","templated":true}]}}