{"id":5593,"date":"2020-11-13T19:26:01","date_gmt":"2020-11-13T22:26:01","guid":{"rendered":"https:\/\/tvc16.com\/portal\/?p=5593"},"modified":"2020-11-13T19:26:03","modified_gmt":"2020-11-13T22:26:03","slug":"ministerio-da-saude-diz-que-pode-ter-sofrido-ataque-cibernetico","status":"publish","type":"post","link":"https:\/\/tvc16.com\/portal\/2020\/11\/13\/ministerio-da-saude-diz-que-pode-ter-sofrido-ataque-cibernetico\/","title":{"rendered":"Minist\u00e9rio da Sa\u00fade diz que pode ter sofrido ataque cibern\u00e9tico"},"content":{"rendered":"\n<h2 class=\"wp-block-heading\">T\u00e9cnicos do minist\u00e9rio investigam o incidente<\/h2>\n\n\n\n<h4 class=\"wp-block-heading\">Por Jonas Valente \u2013 Rep\u00f3rter Ag\u00eancia Brasil &#8211; Bras\u00edlia<\/h4>\n\n\n\n<p>O secret\u00e1rio-executivo do Minist\u00e9rio da Sa\u00fade, \u00c9lcio Franco, disse em pronunciamento hoje (13) que h\u00e1 ind\u00edcios de o \u00f3rg\u00e3o ter sofrido um ataque cibern\u00e9tico. O minist\u00e9rio j\u00e1 havia reportado na semana passada um problema na sua rede de tecnologia que&nbsp;<a href=\"https:\/\/agenciabrasil.ebc.com.br\/geral\/noticia\/2020-11\/internet-e-telefones-do-ministerio-da-saude-saem-do-ar\" target=\"_blank\" rel=\"noreferrer noopener\">deixou a pasta sem telefone e acesso a e-mails<\/a>. Uma equipe de t\u00e9cnicos passou a investigar o incidente.<img decoding=\"async\" src=\"https:\/\/agenciabrasil.ebc.com.br\/ebc.png?id=1393155&amp;o=node\"><img decoding=\"async\" src=\"https:\/\/agenciabrasil.ebc.com.br\/ebc.gif?id=1393155&amp;o=node\"><\/p>\n\n\n\n<p>\u201cAp\u00f3s o in\u00edcio das investiga\u00e7\u00f5es sobre o v\u00edrus que afetou nossa rede de tecnologia, h\u00e1 ind\u00edcios de que a pasta tamb\u00e9m foi alvo de ataques cibern\u00e9ticos, embora n\u00e3o haja laudo conclusivo. O minist\u00e9rio n\u00e3o divulgou informa\u00e7\u00f5es at\u00e9 agora para preservar dados e n\u00e3o comprometer provas\u201d, disse o secret\u00e1rio-executivo \u00c9lcio Franco.<\/p>\n\n\n\n<p>Ele acrescentou que n\u00e3o houve sequestro, comprometimento ou vazamento de informa\u00e7\u00f5es do sistema do minist\u00e9rio.https:\/\/www.youtube.com\/embed\/u6Jdn3frVCE<\/p>\n\n\n\n<p>Apesar de ter restabelecido os servi\u00e7os no in\u00edcio da semana, as atualiza\u00e7\u00f5es di\u00e1rias de dados sobre a pandemia do novo coronav\u00edrus (covid-19) passaram a vir incompletas. Os dados sobre mortes em investiga\u00e7\u00e3o estavam desatualizados desde o dia 4.<\/p>\n\n\n\n<p>Informa\u00e7\u00f5es sobre recuperados e pacientes em acompanhamento passaram dias na mesma situa\u00e7\u00e3o. E o minist\u00e9rio passou a semana sem detalhar as raz\u00f5es para as dificuldades de apresenta\u00e7\u00e3o do balan\u00e7o de casos e mortes por covid-19, at\u00e9 o pronunciamento de hoje.<\/p>\n\n\n\n<p>Franco justificou essa situa\u00e7\u00e3o de dados desatualizados pela falta de condi\u00e7\u00f5es dos estados de acessar o sistema do minist\u00e9rio. \u201cA dificuldade de acesso \u00e0 rede enfrentada por alguns estados se deu em raz\u00e3o do bloqueio da base de dados que foi usada para preservar as informa\u00e7\u00f5es\u201d, disse.<\/p>\n\n\n\n<p>O secret\u00e1rio-executivo disse que pode haver intermit\u00eancia, mas que o sistema deve estar regularizado no in\u00edcio da semana que vem.&nbsp;<\/p>\n\n\n\n<p>A equipe designada para a investiga\u00e7\u00e3o continua trabalhando no caso.<\/p>\n\n\n\n<p>Edi\u00e7\u00e3o: Fernando Fraga<\/p>\n","protected":false},"excerpt":{"rendered":"<p>T\u00e9cnicos do minist\u00e9rio investigam o incidente Por Jonas Valente \u2013 Rep\u00f3rter Ag\u00eancia Brasil &#8211; Bras\u00edlia<\/p>\n","protected":false},"author":2,"featured_media":5594,"comment_status":"open","ping_status":"open","sticky":false,"template":"","format":"standard","meta":{"footnotes":""},"categories":[16],"tags":[],"class_list":["post-5593","post","type-post","status-publish","format-standard","has-post-thumbnail","hentry","category-colunistas"],"_links":{"self":[{"href":"https:\/\/tvc16.com\/portal\/wp-json\/wp\/v2\/posts\/5593","targetHints":{"allow":["GET"]}}],"collection":[{"href":"https:\/\/tvc16.com\/portal\/wp-json\/wp\/v2\/posts"}],"about":[{"href":"https:\/\/tvc16.com\/portal\/wp-json\/wp\/v2\/types\/post"}],"author":[{"embeddable":true,"href":"https:\/\/tvc16.com\/portal\/wp-json\/wp\/v2\/users\/2"}],"replies":[{"embeddable":true,"href":"https:\/\/tvc16.com\/portal\/wp-json\/wp\/v2\/comments?post=5593"}],"version-history":[{"count":1,"href":"https:\/\/tvc16.com\/portal\/wp-json\/wp\/v2\/posts\/5593\/revisions"}],"predecessor-version":[{"id":5595,"href":"https:\/\/tvc16.com\/portal\/wp-json\/wp\/v2\/posts\/5593\/revisions\/5595"}],"wp:featuredmedia":[{"embeddable":true,"href":"https:\/\/tvc16.com\/portal\/wp-json\/wp\/v2\/media\/5594"}],"wp:attachment":[{"href":"https:\/\/tvc16.com\/portal\/wp-json\/wp\/v2\/media?parent=5593"}],"wp:term":[{"taxonomy":"category","embeddable":true,"href":"https:\/\/tvc16.com\/portal\/wp-json\/wp\/v2\/categories?post=5593"},{"taxonomy":"post_tag","embeddable":true,"href":"https:\/\/tvc16.com\/portal\/wp-json\/wp\/v2\/tags?post=5593"}],"curies":[{"name":"wp","href":"https:\/\/api.w.org\/{rel}","templated":true}]}}