{"id":5602,"date":"2020-11-13T19:33:33","date_gmt":"2020-11-13T22:33:33","guid":{"rendered":"https:\/\/tvc16.com\/portal\/?p=5602"},"modified":"2020-11-13T19:33:36","modified_gmt":"2020-11-13T22:33:36","slug":"a-declaracao-foi-feita-durante-seminario-na-escola-superior-de-guerra","status":"publish","type":"post","link":"https:\/\/tvc16.com\/portal\/2020\/11\/13\/a-declaracao-foi-feita-durante-seminario-na-escola-superior-de-guerra\/","title":{"rendered":"A declara\u00e7\u00e3o foi feita durante semin\u00e1rio na Escola Superior de Guerra"},"content":{"rendered":"\n<h3 class=\"wp-block-heading\"><\/h3>\n\n\n\n<h4 class=\"wp-block-heading\">Por Alex Rodrigues &#8211; Rep\u00f3rter da Ag\u00eancia Brasil &#8211; Bras\u00edlia<\/h4>\n\n\n\n<p>O ministro da Defesa, Fernando Azevedo e Silva, falou&nbsp;hoje (13) sobre&nbsp;a necessidade de moderniza\u00e7\u00e3o dos equipamentos usados pela Aeron\u00e1utica, Ex\u00e9rcito e Marinha. \u201cEstamos buscando a recupera\u00e7\u00e3o da capacidade operacional das For\u00e7as\u201d, disse o ministro ao participar de um semin\u00e1rio realizado pela Escola Superior de Guerra, sobre a pol\u00edtica e as estrat\u00e9gias nacionais de defesa.<img decoding=\"async\" src=\"https:\/\/agenciabrasil.ebc.com.br\/ebc.png?id=1393113&amp;o=node\"><img decoding=\"async\" src=\"https:\/\/agenciabrasil.ebc.com.br\/ebc.gif?id=1393113&amp;o=node\"><\/p>\n\n\n\n<p>\u201cNossos aparelhos, nossas principais m\u00e1quinas e equipamentos, s\u00e3o de 50 anos de dura\u00e7\u00e3o. Ent\u00e3o, eles necessitam de uma moderniza\u00e7\u00e3o, uma atualiza\u00e7\u00e3o, de novos equipamentos. A capacidade operacional das For\u00e7as t\u00eam que ser revistas\u201d, acrescentou Silva, lamentando que, por quest\u00f5es or\u00e7ament\u00e1rias, alguns projetos considerados priorit\u00e1rios precisam ser repensados ao longo de sua execu\u00e7\u00e3o.<\/p>\n\n\n\n<p>\u201cN\u00e3o tem m\u00e1gica. Ou a gente muda o escopo do projeto, muda a quantidade, ou o estica na linha do tempo. O projeto Guarani, por exemplo, as \u00faltimas unidades s\u00f3 ser\u00e3o entregues em 2041\u201d, disse Silva, se referindo ao projeto iniciado em 2007, e que, entre outras coisas, visa a reequipar o Ex\u00e9rcito com novas viaturas blindadas.<\/p>\n\n\n\n<p>Afirmando que o atual cen\u00e1rio mundial \u201capresenta novas apreens\u00f5es\u201d, o ministro citou, como exemplos, a exist\u00eancia de amea\u00e7as cibern\u00e9ticas, tr\u00e1fico de drogas e crises humanit\u00e1rias. Al\u00e9m disso, mencionou o risco de crimes ambientais, citando o misterioso surgimento de \u00f3leo no litoral brasileiro, em 2019, e ainda n\u00e3o esclarecido. \u201cH\u00e1 amea\u00e7as ambientais. Que tivemos. O derramamento de \u00f3leo pegou o [litoral do] Nordeste todo e chegou at\u00e9 o Sudeste.\u201d<\/p>\n\n\n\n<p>Lembrando que, em julho, o Minist\u00e9rio encaminhou ao Congresso Nacional sua proposta de revis\u00e3o da&nbsp;<a href=\"https:\/\/www.gov.br\/defesa\/pt-br\/assuntos\/copy_of_estado-e-defesa\/livro_branco_congresso_nacional.pdf\" target=\"_blank\" rel=\"noreferrer noopener\">Pol\u00edtica e da Estrat\u00e9gia Nacional de Defesa<\/a>, al\u00e9m do chamado Livro Branco de Defesa Nacional (documento que torna p\u00fablico algumas das principais atividades e estrutura das For\u00e7as Armadas), Silva afirmou que, ao longo dos \u00faltimos dois anos, cumpriu dois de seus principais objetivos \u00e0 frente da pasta. Um deles, a reestrutura\u00e7\u00e3o da carreira militar.<\/p>\n\n\n\n<p>\u201cMuitos confundem com aumento [salarial]. N\u00e3o \u00e9 nada disso. Isto visa exatamente dar um incentivo \u00e0 carreira militar, seja para os pra\u00e7as, seja para os oficiais\u201d, comentou o ministro, citando tamb\u00e9m a proposta de atualiza\u00e7\u00e3o dos documentos que norteiam as atividades de defesa nacional. \u201cS\u00e3o documentos ostensivos que mostram a transpar\u00eancia em rela\u00e7\u00e3o aos assuntos de Defesa\u201d, explicou Silva, referindo-se \u00e0 Pol\u00edtica Nacional; \u00e0 Estrat\u00e9gia Nacional e ao Livro Branco de Defesa. Assuntos que, para o ministro, precisam ser discutidos com o conhecimento de toda a sociedade.<\/p>\n\n\n\n<p>\u201cA pol\u00edtica de Defesa \u00e9 revista a cada quatro anos. Por for\u00e7a de lei, [as propostas t\u00eam que ser] remetidas para aprecia\u00e7\u00e3o do Congresso Nacional, para fomentar o debate com os representantes do povo. Tentamos envolver a sociedade civil, os mandat\u00e1rios do poder, os poderes Executivo, Legislativo e Judici\u00e1rio\u201d, comentou Silva, garantindo que, na atual proposta, \u201cpouca coisa mudou, pois os objetivos e as a\u00e7\u00f5es continuam as mesmas\u201d.<\/p>\n\n\n\n<p>Durante sua apresenta\u00e7\u00e3o, Silva ainda enfatizou sua import\u00e2ncia da sociedade tratar do tema em tempos de paz. \u201cSomos um pa\u00eds pac\u00edfico, em busca da paz sempre, mas n\u00e3o existe pa\u00eds pac\u00edfico que n\u00e3o seja forte. Esta \u00e9 uma condi\u00e7\u00e3o que a Hist\u00f3ria nos ensinou\u201d, disse o ministro pouco antes de detalhar as a\u00e7\u00f5es sociais que as For\u00e7as Armadas realizam ou apoiam, incluindo a participa\u00e7\u00e3o nas a\u00e7\u00f5es de combate ao novo coronav\u00edrus e para remediar os efeitos do apag\u00e3o energ\u00e9tico no Amap\u00e1, que, hoje, completa 11 dias. S\u00f3 a For\u00e7a A\u00e9rea Brasileira (FAB) j\u00e1 transportou 67 toneladas de equipamentos e suprimentos para o estado.<\/p>\n\n\n\n<h2 class=\"wp-block-heading\">Comando do Ex\u00e9rcito<\/h2>\n\n\n\n<p>Ontem (12), ao participar de um&nbsp;<a href=\"https:\/\/www.youtube.com\/watch?v=NyiFHrtx7vo\" target=\"_blank\" rel=\"noreferrer noopener\">evento digital<\/a>&nbsp;realizado pelo Instituto para Reforma das Rela\u00e7\u00f5es entre Estado e Empresa, o comandante do Ex\u00e9rcito, general Edson Leal Pujol, tamb\u00e9m comentou a necessidade de reaparelhamento das For\u00e7as Armadas. \u201cEstamos muito aqu\u00e9m do que o Brasil precisa para que suas For\u00e7as Armadas cumpram suas miss\u00f5es constitucionais\u201d, disse Pujol.<\/p>\n\n\n\n<p>\u201cA quantidade de embarca\u00e7\u00f5es da nossa Marinha para patrulhar, preservar e defender todo o nosso litoral e nosso extenso mar territorial. A nossa For\u00e7a A\u00e9rea? Pequenos pa\u00edses europeus t\u00eam um n\u00famero de aeronaves maior que todo o Brasil\u201d, comentou o comandante.&nbsp;<\/p>\n\n\n\n<p>No evento, Pujol comentou sobre a rela\u00e7\u00e3o sobre militares e pol\u00edtica. \u201cN\u00e3o queremos fazer parte da pol\u00edtica governamental ou do Congresso Nacional. Muito menos queremos que a pol\u00edtica entre em nossos quart\u00e9is\u201d, afirmou o comandante do Ex\u00e9rcito. \u201cA respeito da pol\u00edtica e dos militares, o que tenho a dizer \u00e9 que, nestes dois anos, o Minist\u00e9rio da Defesa e as tr\u00eas For\u00e7as se preocuparam, exclusivamente e exaustivamente, com assuntos militares.\u201d<\/p>\n\n\n\n<p>Edi\u00e7\u00e3o: Val\u00e9ria Aguiar<\/p>\n","protected":false},"excerpt":{"rendered":"<p>Por Alex Rodrigues &#8211; Rep\u00f3rter da Ag\u00eancia Brasil &#8211; Bras\u00edlia O ministro da Defesa, Fernando<\/p>\n","protected":false},"author":2,"featured_media":5603,"comment_status":"open","ping_status":"open","sticky":false,"template":"","format":"standard","meta":{"footnotes":""},"categories":[17],"tags":[],"class_list":["post-5602","post","type-post","status-publish","format-standard","has-post-thumbnail","hentry","category-outras-noticias"],"_links":{"self":[{"href":"https:\/\/tvc16.com\/portal\/wp-json\/wp\/v2\/posts\/5602","targetHints":{"allow":["GET"]}}],"collection":[{"href":"https:\/\/tvc16.com\/portal\/wp-json\/wp\/v2\/posts"}],"about":[{"href":"https:\/\/tvc16.com\/portal\/wp-json\/wp\/v2\/types\/post"}],"author":[{"embeddable":true,"href":"https:\/\/tvc16.com\/portal\/wp-json\/wp\/v2\/users\/2"}],"replies":[{"embeddable":true,"href":"https:\/\/tvc16.com\/portal\/wp-json\/wp\/v2\/comments?post=5602"}],"version-history":[{"count":1,"href":"https:\/\/tvc16.com\/portal\/wp-json\/wp\/v2\/posts\/5602\/revisions"}],"predecessor-version":[{"id":5604,"href":"https:\/\/tvc16.com\/portal\/wp-json\/wp\/v2\/posts\/5602\/revisions\/5604"}],"wp:featuredmedia":[{"embeddable":true,"href":"https:\/\/tvc16.com\/portal\/wp-json\/wp\/v2\/media\/5603"}],"wp:attachment":[{"href":"https:\/\/tvc16.com\/portal\/wp-json\/wp\/v2\/media?parent=5602"}],"wp:term":[{"taxonomy":"category","embeddable":true,"href":"https:\/\/tvc16.com\/portal\/wp-json\/wp\/v2\/categories?post=5602"},{"taxonomy":"post_tag","embeddable":true,"href":"https:\/\/tvc16.com\/portal\/wp-json\/wp\/v2\/tags?post=5602"}],"curies":[{"name":"wp","href":"https:\/\/api.w.org\/{rel}","templated":true}]}}