{"id":5606,"date":"2020-11-14T10:54:48","date_gmt":"2020-11-14T13:54:48","guid":{"rendered":"https:\/\/tvc16.com\/portal\/?p=5606"},"modified":"2020-11-14T10:54:51","modified_gmt":"2020-11-14T13:54:51","slug":"no-proximo-dia-20-petropolis-tera-beleza-negra-evento-voltado-a-moda-e-cultura","status":"publish","type":"post","link":"https:\/\/tvc16.com\/portal\/2020\/11\/14\/no-proximo-dia-20-petropolis-tera-beleza-negra-evento-voltado-a-moda-e-cultura\/","title":{"rendered":"No pr\u00f3ximo dia 20, Petr\u00f3polis ter\u00e1 &#8220;Beleza negra&#8221;, evento voltado \u00e0 moda e cultura"},"content":{"rendered":"\n<p>O Evento ser\u00e1 realizado nos dias 20  e 21 de novembro\u00a0na Rua Teresa, 519, subsolo 201. O encontro ter\u00e1 dan\u00e7a, canto, m\u00fasica, desfiles e palestra. <\/p>\n\n\n\n<p>Segundo o organizador, Diogo Edson, o beleza negra tem como objetivo mostrar ao mercado, a beleza do homem e da mulher afro descendentes e buscar, para todos, uma jun\u00e7\u00e3o de ra\u00e7as.<\/p>\n\n\n\n<figure class=\"wp-block-image size-large is-style-rounded\"><img loading=\"lazy\" decoding=\"async\" width=\"640\" height=\"640\" src=\"https:\/\/tvc16.com\/portal\/wp-content\/uploads\/2020\/11\/IMG-20201114-WA0000.jpg\" alt=\"\" class=\"wp-image-5607\" srcset=\"https:\/\/tvc16.com\/portal\/wp-content\/uploads\/2020\/11\/IMG-20201114-WA0000.jpg 640w, https:\/\/tvc16.com\/portal\/wp-content\/uploads\/2020\/11\/IMG-20201114-WA0000-300x300.jpg 300w, https:\/\/tvc16.com\/portal\/wp-content\/uploads\/2020\/11\/IMG-20201114-WA0000-150x150.jpg 150w\" sizes=\"auto, (max-width: 640px) 100vw, 640px\" \/><figcaption>Diogo Edson e demais participantes do evento<\/figcaption><\/figure>\n\n\n\n<p>A palestra que faz parte do evento, fala dos direitos iguais para todos. &#8220;O nosso\u00a0 maior objetivo \u00e9 mostrar que n\u00e3o h\u00e1 diferen\u00e7a entre ra\u00e7as e, combater a viol\u00eancia contra os afro descendentes. Mostrar nosso talento e habilidade. Assim, os empres\u00e1rios podem nos conhecer melhor e contratar mais negros para o mundo da moda, entre outras \u00e1reas da sociedade, sem vitimiza\u00e7\u00e3o&#8221;, disse Diogo Edson.<\/p>\n\n\n\n<figure class=\"wp-block-image size-large is-style-default\"><img loading=\"lazy\" decoding=\"async\" width=\"1024\" height=\"1024\" src=\"https:\/\/tvc16.com\/portal\/wp-content\/uploads\/2020\/11\/IMG-20201112-WA0202-1024x1024.jpg\" alt=\"\" class=\"wp-image-5608\" srcset=\"https:\/\/tvc16.com\/portal\/wp-content\/uploads\/2020\/11\/IMG-20201112-WA0202-1024x1024.jpg 1024w, https:\/\/tvc16.com\/portal\/wp-content\/uploads\/2020\/11\/IMG-20201112-WA0202-300x300.jpg 300w, https:\/\/tvc16.com\/portal\/wp-content\/uploads\/2020\/11\/IMG-20201112-WA0202-150x150.jpg 150w, https:\/\/tvc16.com\/portal\/wp-content\/uploads\/2020\/11\/IMG-20201112-WA0202-768x768.jpg 768w, https:\/\/tvc16.com\/portal\/wp-content\/uploads\/2020\/11\/IMG-20201112-WA0202.jpg 1280w\" sizes=\"auto, (max-width: 1024px) 100vw, 1024px\" \/><\/figure>\n","protected":false},"excerpt":{"rendered":"<p>O Evento ser\u00e1 realizado nos dias 20 e 21 de novembro\u00a0na Rua Teresa, 519, subsolo<\/p>\n","protected":false},"author":2,"featured_media":5609,"comment_status":"open","ping_status":"open","sticky":false,"template":"","format":"standard","meta":{"footnotes":""},"categories":[12],"tags":[],"class_list":["post-5606","post","type-post","status-publish","format-standard","has-post-thumbnail","hentry","category-cidade"],"_links":{"self":[{"href":"https:\/\/tvc16.com\/portal\/wp-json\/wp\/v2\/posts\/5606","targetHints":{"allow":["GET"]}}],"collection":[{"href":"https:\/\/tvc16.com\/portal\/wp-json\/wp\/v2\/posts"}],"about":[{"href":"https:\/\/tvc16.com\/portal\/wp-json\/wp\/v2\/types\/post"}],"author":[{"embeddable":true,"href":"https:\/\/tvc16.com\/portal\/wp-json\/wp\/v2\/users\/2"}],"replies":[{"embeddable":true,"href":"https:\/\/tvc16.com\/portal\/wp-json\/wp\/v2\/comments?post=5606"}],"version-history":[{"count":1,"href":"https:\/\/tvc16.com\/portal\/wp-json\/wp\/v2\/posts\/5606\/revisions"}],"predecessor-version":[{"id":5610,"href":"https:\/\/tvc16.com\/portal\/wp-json\/wp\/v2\/posts\/5606\/revisions\/5610"}],"wp:featuredmedia":[{"embeddable":true,"href":"https:\/\/tvc16.com\/portal\/wp-json\/wp\/v2\/media\/5609"}],"wp:attachment":[{"href":"https:\/\/tvc16.com\/portal\/wp-json\/wp\/v2\/media?parent=5606"}],"wp:term":[{"taxonomy":"category","embeddable":true,"href":"https:\/\/tvc16.com\/portal\/wp-json\/wp\/v2\/categories?post=5606"},{"taxonomy":"post_tag","embeddable":true,"href":"https:\/\/tvc16.com\/portal\/wp-json\/wp\/v2\/tags?post=5606"}],"curies":[{"name":"wp","href":"https:\/\/api.w.org\/{rel}","templated":true}]}}