{"id":561,"date":"2020-09-16T16:09:16","date_gmt":"2020-09-16T16:09:16","guid":{"rendered":"https:\/\/tvc16.com\/portal\/?p=561"},"modified":"2020-09-16T16:09:16","modified_gmt":"2020-09-16T16:09:16","slug":"pista-lateral-da-br-040-em-caxias-vai-operar-em-mao-dupla","status":"publish","type":"post","link":"https:\/\/tvc16.com\/portal\/2020\/09\/16\/pista-lateral-da-br-040-em-caxias-vai-operar-em-mao-dupla\/","title":{"rendered":"Pista lateral da BR-040 em Caxias vai operar em m\u00e3o dupla"},"content":{"rendered":"\n<p>Altera\u00e7\u00e3o ser\u00e1 em car\u00e1ter experimental e come\u00e7a na pr\u00f3xima segunda (21)<br>\u00a0<br>Atendendo a uma solicita\u00e7\u00e3o da prefeitura de Duque de Caxias, a Concer adotar\u00e1 o regime de m\u00e3o dupla em trecho da pista lateral da BR-040 na regi\u00e3o de Santa Cruz da Serra, no sentido Juiz de Fora, a partir das 14h da pr\u00f3xima segunda-feira (21.09). Aprovada pela ANTT, a m\u00e3o dupla funcionar\u00e1 em car\u00e1ter experimental no trecho do km 106 situado entre a Rua Paran\u00e1 e Avenida Autom\u00f3vel Clube, compreendendo cerca de 300 metros de pista. O limite de velocidade ser\u00e1 de 30km\/h. Dispositivos m\u00f3veis de sinaliza\u00e7\u00e3o ser\u00e3o usados para orienta\u00e7\u00e3o dos motoristas.\u00a0<\/p>\n\n\n\n<p>A solicita\u00e7\u00e3o do munic\u00edpio foi motivada por raz\u00f5es de seguran\u00e7a p\u00fablica. A altera\u00e7\u00e3o no tr\u00e1fego da pista lateral em Santa Cruz da Serra ser\u00e1 acompanhada por policiamento da PRF, com apoio da Guarda Municipal de Duque de Caxias.<\/p>\n","protected":false},"excerpt":{"rendered":"<p>Altera\u00e7\u00e3o ser\u00e1 em car\u00e1ter experimental e come\u00e7a na pr\u00f3xima segunda (21)\u00a0Atendendo a uma solicita\u00e7\u00e3o da<\/p>\n","protected":false},"author":2,"featured_media":563,"comment_status":"open","ping_status":"open","sticky":false,"template":"","format":"standard","meta":{"footnotes":""},"categories":[12],"tags":[],"class_list":["post-561","post","type-post","status-publish","format-standard","has-post-thumbnail","hentry","category-cidade"],"_links":{"self":[{"href":"https:\/\/tvc16.com\/portal\/wp-json\/wp\/v2\/posts\/561","targetHints":{"allow":["GET"]}}],"collection":[{"href":"https:\/\/tvc16.com\/portal\/wp-json\/wp\/v2\/posts"}],"about":[{"href":"https:\/\/tvc16.com\/portal\/wp-json\/wp\/v2\/types\/post"}],"author":[{"embeddable":true,"href":"https:\/\/tvc16.com\/portal\/wp-json\/wp\/v2\/users\/2"}],"replies":[{"embeddable":true,"href":"https:\/\/tvc16.com\/portal\/wp-json\/wp\/v2\/comments?post=561"}],"version-history":[{"count":1,"href":"https:\/\/tvc16.com\/portal\/wp-json\/wp\/v2\/posts\/561\/revisions"}],"predecessor-version":[{"id":564,"href":"https:\/\/tvc16.com\/portal\/wp-json\/wp\/v2\/posts\/561\/revisions\/564"}],"wp:featuredmedia":[{"embeddable":true,"href":"https:\/\/tvc16.com\/portal\/wp-json\/wp\/v2\/media\/563"}],"wp:attachment":[{"href":"https:\/\/tvc16.com\/portal\/wp-json\/wp\/v2\/media?parent=561"}],"wp:term":[{"taxonomy":"category","embeddable":true,"href":"https:\/\/tvc16.com\/portal\/wp-json\/wp\/v2\/categories?post=561"},{"taxonomy":"post_tag","embeddable":true,"href":"https:\/\/tvc16.com\/portal\/wp-json\/wp\/v2\/tags?post=561"}],"curies":[{"name":"wp","href":"https:\/\/api.w.org\/{rel}","templated":true}]}}