{"id":5611,"date":"2020-11-14T11:09:50","date_gmt":"2020-11-14T14:09:50","guid":{"rendered":"https:\/\/tvc16.com\/portal\/?p=5611"},"modified":"2020-11-14T11:09:54","modified_gmt":"2020-11-14T14:09:54","slug":"a-partir-do-dia-primeiro-de-dezembro-a-casa-de-petropolis-instituto-de-cultura-sera-aberta-ao-publico","status":"publish","type":"post","link":"https:\/\/tvc16.com\/portal\/2020\/11\/14\/a-partir-do-dia-primeiro-de-dezembro-a-casa-de-petropolis-instituto-de-cultura-sera-aberta-ao-publico\/","title":{"rendered":"A partir do dia primeiro de dezembro, a Casa de Petr\u00f3polis Instituto de Cultura ser\u00e1 aberta ao p\u00fablico"},"content":{"rendered":"\n<p>A <em>Casa de Petr\u00f3polis Instituto de Cultura<\/em> est\u00e1 se consolidando como um espa\u00e7o hist\u00f3rico, art\u00edstico e cultural, contribuindo n\u00e3o s\u00f3 para o turismo da cidade como tamb\u00e9m para oferecer \u00e0 popula\u00e7\u00e3o petropolitana, e \u00e0 todos que a vierem visitar, uma programa\u00e7\u00e3o de qualidade.<\/p>\n\n\n\n<p>Sob nova gest\u00e3o, o local recuperou seu nome como <em>Casa de Petr\u00f3polis Instituto de Cultura<\/em>, primeiro nome recebido pela casa ainda em 1998. Nessa nova fase, a Casa tem a inten\u00e7\u00e3o de servir como um bom exemplo de im\u00f3vel tombado, contemplando o aproveitamento do espa\u00e7o de forma consciente, unindo a preserva\u00e7\u00e3o com atividades voltadas para a cultura e a hist\u00f3ria.<\/p>\n\n\n\n<p>A CPIC pretende honrar o pioneirismo de Jos\u00e9 Tavares Guerra, funcionando como uma ponte entre o passado, presente e futuro. Sem se restringir como espa\u00e7o museol\u00f3gico ou galeria, a CPIC \u00e9 um local onde se preserva a mem\u00f3ria material e imaterial, contemplando visitas ao interior, exposi\u00e7\u00f5es hist\u00f3ricas, atividades culturais como concertos musicais, palestras, debates e local para exposi\u00e7\u00f5es de artes pl\u00e1sticas, criando alternativa para a vida cultural da cidade.<\/p>\n\n\n\n<p>A local ir\u00e1 reabrir em breve, assim que o cen\u00e1rio da pandemia o permita. O primeiro andar contar\u00e1 com visita\u00e7\u00e3o guiada, onde as pessoas poder\u00e3o contemplar toda a beleza dos detalhes originais do im\u00f3vel e com uma sala para exposi\u00e7\u00e3o permanente de artes pl\u00e1sticas contempor\u00e2neas, sob curadoria do artista pl\u00e1stico Luiz Aquila, que \u00e9 um dos propriet\u00e1rios da Casa. Logo na reabertura a Casa sediar\u00e1 a exposi\u00e7\u00e3o \u201cXIX, XX, XXI\u201d de arte contempor\u00e2nea, com obras de Luiz Aquila, Beatriz Milhares, Daniel Senise, Marcelo Lago, Julia Miranda e Ant\u00f4nia Dias Leite. Em um segundo momento o espa\u00e7o ir\u00e1 receber em seu segundo pavimento a exposi\u00e7\u00e3o \u201cNas Asas da Panair\u201d vinda do Museu Hist\u00f3rico Nacional.\u00a0\u00a0\u00a0<\/p>\n\n\n\n<p>Conhe\u00e7a um pouco desta hist\u00f3ria<\/p>\n\n\n\n<figure class=\"wp-block-image size-large\"><img loading=\"lazy\" decoding=\"async\" width=\"640\" height=\"410\" src=\"https:\/\/tvc16.com\/portal\/wp-content\/uploads\/2020\/11\/673838115-G.jpg\" alt=\"\" class=\"wp-image-5612\" srcset=\"https:\/\/tvc16.com\/portal\/wp-content\/uploads\/2020\/11\/673838115-G.jpg 640w, https:\/\/tvc16.com\/portal\/wp-content\/uploads\/2020\/11\/673838115-G-300x192.jpg 300w\" sizes=\"auto, (max-width: 640px) 100vw, 640px\" \/><figcaption>Casa de Petr\u00f3polis Instituto de Cultura<\/figcaption><\/figure>\n\n\n\n<p>Sediada no n\u00ba 716 da Rua Ipiranga, o im\u00f3vel que abriga a <em>Casa de Petr\u00f3polis Instituto de Cultura <\/em>guarda um passado memor\u00e1vel. Sua constru\u00e7\u00e3o come\u00e7ou em 1879. Seu propriet\u00e1rio, Jos\u00e9 Tavares Guerra, que havia passado seus anos de estudo na Europa, idealizou sua resid\u00eancia unindo a beleza dos estilos europeus com as modernidades que come\u00e7avam a surgir no final do s\u00e9culo XIX. Sua constru\u00e7\u00e3o, executada pelo engenheiro alem\u00e3o Karl Spangenberger e feita com m\u00e3o de obra de imigrantes, foi conclu\u00edda em 1884. Seus jardins foram projetados pelo bot\u00e2nico Auguste Glaziou, o mesmo respons\u00e1vel pela reforma dos jardins da Quinta da Boa Vista e da resid\u00eancia do Bar\u00e3o de Nova Friburgo, sendo o \u00fanico no Brasil que se conserva em estado original. \u00a0Dezesseis anos depois a casa recebeu instala\u00e7\u00e3o de luz el\u00e9trica, sendo a primeira na cidade a ter esse recurso. A casa possui tamb\u00e9m o primeiro rel\u00f3gio de torre de Petr\u00f3polis e que se mant\u00e9m conservado. \u00c9 considerada uma das tr\u00eas mans\u00f5es brasileiras do s\u00e9culo XIX que ainda guardam suas caracter\u00edsticas originais (as outras duas s\u00e3o a Casa da Hera, em Vassouras e o Pal\u00e1cio do Catete, atual Museu da Rep\u00fablica, no Rio de Janeiro).\u00a0<\/p>\n\n\n\n<p>&nbsp;&nbsp;&nbsp;&nbsp;&nbsp;&nbsp;&nbsp;&nbsp;&nbsp;&nbsp;&nbsp; Seu estilo arquitet\u00f4nico \u00e9 o Ecl\u00e9tico, usado entre a segunda metade do s\u00e9culo XIX e in\u00edcio do s\u00e9culo XX, e tem como caracter\u00edstica a combina\u00e7\u00e3o de v\u00e1rios estilos do passado, formando uma nova linguagem arquitet\u00f4nica a partir deles.<\/p>\n\n\n\n<p>&nbsp;&nbsp;&nbsp;&nbsp;&nbsp;&nbsp;&nbsp;&nbsp;&nbsp;&nbsp;&nbsp; Os pain\u00e9is distribu\u00eddos pela casa foram pintados pelo pintor austr\u00edaco Carl Sch\u00e4ffer, com exce\u00e7\u00e3o da sala Fumoir, pintada pelo artista italiano Gustavo Dall\u2019Ara. O lustre da sala principal foi feito em bronze banhado \u00e0 ouro pela fundi\u00e7\u00e3o francesa <em>Barbedienne<\/em>, a mesma usada no Pal\u00e1cio de Versalhes. Na sala de m\u00fasica as pinturas no teto recordam as viagens feitas por Jos\u00e9 Tavares Guerra aos Alpes Su\u00ed\u00e7os, \u00c1frica, Bagd\u00e1, Egito, \u00cdndia e Palestina. Algumas paredes s\u00e3o revestidas de papel feito \u00e0 base de p\u00f3 de ouro.<\/p>\n\n\n\n<p>&nbsp;&nbsp;&nbsp;&nbsp;&nbsp;&nbsp;&nbsp;&nbsp;&nbsp;&nbsp;&nbsp; O im\u00f3vel serviu como moradia da fam\u00edlia at\u00e9 1982, passando por diferentes gest\u00f5es, at\u00e9 ser fechada no in\u00edcio de 2019, tanto para reformas de urg\u00eancia quanto para uma reestrutura\u00e7\u00e3o administrativa.<\/p>\n\n\n\n<p>SERVI\u00c7O:<\/p>\n\n\n\n<p>PROGRAMA\u00c7\u00c3O<\/p>\n\n\n\n<p>A partir do dia 1 de dezembro a Casa ser\u00e1 aberta ao p\u00fablico. O hor\u00e1rio de funcionamento ser\u00e1:<\/p>\n\n\n\n<p>&#8211; Ter\u00e7as-feiras mediante agendamento (para agendar ligar para 24 993186716 ou escrever para o email: culturacasadepetropolis@gmail.com)<\/p>\n\n\n\n<p>&#8211; De quarta a domingo de 10h as 16h<\/p>\n\n\n\n<p>Valor do ingresso: R$ 10,00, meia entrada R$ 5,00<\/p>\n\n\n\n<p>Nas quartas-feiras petropolitanos n\u00e3o pagam (mediante apresenta\u00e7\u00e3o do comprovante de resid\u00eancia)<\/p>\n\n\n\n<p>&nbsp;&nbsp;&nbsp;&nbsp;&nbsp;&nbsp;&nbsp;&nbsp;&nbsp;&nbsp;&nbsp; A visita\u00e7\u00e3o ser\u00e1 realizada no primeiro pavimento, contando um uma visita guiada sobre a hist\u00f3ria da Casa. Ao mesmo tempo teremos a exposi\u00e7\u00e3o XIX, XX, XXI, sob curadoria de Luiz Aquila.<\/p>\n\n\n\n<p>&nbsp;&nbsp;&nbsp;&nbsp;&nbsp;&nbsp;&nbsp;&nbsp;&nbsp;&nbsp;&nbsp; Todo segundo s\u00e1bado do m\u00eas a Casa ter\u00e1 uma int\u00e9rprete de libras a disposi\u00e7\u00e3o, tornando-se assim refer\u00eancia para os demais museus e espa\u00e7os culturais da cidade.<\/p>\n\n\n\n<p><strong>05.12<\/strong><\/p>\n\n\n\n<p><strong>18h \u2013 19h<\/strong><\/p>\n\n\n\n<p>Concerto de inaugura\u00e7\u00e3o da Casa com a orquestra Camerata Petr\u00f3polis e &nbsp;&nbsp;&nbsp;&nbsp; Thiago Tavares no Cravo.<\/p>\n\n\n\n<p>Devido a grande procura, estamos fazendo tr\u00eas sess\u00f5es. Sendo que a primeira e segunda j\u00e1 est\u00e3o quase lotadas. Quem tiver interesse j\u00e1 pode adquirir os ingressos.<\/p>\n\n\n\n<p>Valor R$ 30,00, meia R$ 15,00<\/p>\n\n\n\n<p><strong>19.12<\/strong><\/p>\n\n\n\n<p>Concerto Compartilhado \u2013 Casa de Petr\u00f3polis Luterana<\/p>\n\n\n\n<p>16:30<\/p>\n\n\n\n<p>Mais detalhes ainda a serem definidos<\/p>\n\n\n\n<p>&nbsp;&nbsp;&nbsp;&nbsp;&nbsp;&nbsp;&nbsp;&nbsp;&nbsp;&nbsp;&nbsp; Al\u00e9m dessa programa\u00e7\u00e3o estamos organizando oficinas de Arte Educa\u00e7\u00e3o, Palestras e Workshops.<\/p>\n","protected":false},"excerpt":{"rendered":"<p>A Casa de Petr\u00f3polis Instituto de Cultura est\u00e1 se consolidando como um espa\u00e7o hist\u00f3rico, art\u00edstico<\/p>\n","protected":false},"author":2,"featured_media":5613,"comment_status":"open","ping_status":"open","sticky":false,"template":"","format":"standard","meta":{"footnotes":""},"categories":[12],"tags":[],"class_list":["post-5611","post","type-post","status-publish","format-standard","has-post-thumbnail","hentry","category-cidade"],"_links":{"self":[{"href":"https:\/\/tvc16.com\/portal\/wp-json\/wp\/v2\/posts\/5611","targetHints":{"allow":["GET"]}}],"collection":[{"href":"https:\/\/tvc16.com\/portal\/wp-json\/wp\/v2\/posts"}],"about":[{"href":"https:\/\/tvc16.com\/portal\/wp-json\/wp\/v2\/types\/post"}],"author":[{"embeddable":true,"href":"https:\/\/tvc16.com\/portal\/wp-json\/wp\/v2\/users\/2"}],"replies":[{"embeddable":true,"href":"https:\/\/tvc16.com\/portal\/wp-json\/wp\/v2\/comments?post=5611"}],"version-history":[{"count":1,"href":"https:\/\/tvc16.com\/portal\/wp-json\/wp\/v2\/posts\/5611\/revisions"}],"predecessor-version":[{"id":5614,"href":"https:\/\/tvc16.com\/portal\/wp-json\/wp\/v2\/posts\/5611\/revisions\/5614"}],"wp:featuredmedia":[{"embeddable":true,"href":"https:\/\/tvc16.com\/portal\/wp-json\/wp\/v2\/media\/5613"}],"wp:attachment":[{"href":"https:\/\/tvc16.com\/portal\/wp-json\/wp\/v2\/media?parent=5611"}],"wp:term":[{"taxonomy":"category","embeddable":true,"href":"https:\/\/tvc16.com\/portal\/wp-json\/wp\/v2\/categories?post=5611"},{"taxonomy":"post_tag","embeddable":true,"href":"https:\/\/tvc16.com\/portal\/wp-json\/wp\/v2\/tags?post=5611"}],"curies":[{"name":"wp","href":"https:\/\/api.w.org\/{rel}","templated":true}]}}