{"id":5630,"date":"2020-11-14T12:04:02","date_gmt":"2020-11-14T15:04:02","guid":{"rendered":"https:\/\/tvc16.com\/portal\/?p=5630"},"modified":"2020-11-14T12:04:05","modified_gmt":"2020-11-14T15:04:05","slug":"eleicoes-2020-pelo-menos-113-municipios-terao-um-so-candidato-a-prefeito","status":"publish","type":"post","link":"https:\/\/tvc16.com\/portal\/2020\/11\/14\/eleicoes-2020-pelo-menos-113-municipios-terao-um-so-candidato-a-prefeito\/","title":{"rendered":"ELEI\u00c7\u00d5ES 2020: Pelo menos 113 munic\u00edpios ter\u00e3o um s\u00f3 candidato a prefeito"},"content":{"rendered":"\n<h2 class=\"wp-block-heading\">O cientista pol\u00edtico Nau\u00ea Bernardo explica que sem concorr\u00eancia no pleito, se a candidatura for homologada pela Justi\u00e7a Eleitoral, a computa\u00e7\u00e3o de um \u00fanico voto j\u00e1 garante a vit\u00f3ria a essas pessoas<\/h2>\n\n\n\n<p>As elei\u00e7\u00f5es municipais deste ano v\u00e3o ocorrer neste final de semana e, segundo dados do <a href=\"https:\/\/www.tse.jus.br\/\">Tribunal Superior Eleitoral<\/a>, pelo menos 113 cidades, distribu\u00eddas em 17 estados, ter\u00e3o apenas um \u00fanico candidato postulante ao cargo de prefeito. Apenas Rio Grande do Sul tem 34 munic\u00edpios nesta situa\u00e7\u00e3o. No Paran\u00e1, o n\u00famero chega 15 e em S\u00e3o Paulo a 10.<\/p>\n\n\n\n<p>Nos munic\u00edpios ga\u00fachos de Lago\u00e3o e Segredo, por exemplo, localizados na regi\u00e3o Centro-Serra, os atuais prefeitos n\u00e3o ter\u00e3o ningu\u00e9m como advers\u00e1rio para disputar o cargo de chefe do Executivo local. Os motivos para isso est\u00e3o relacionados, sobretudo, \u00e0 unifica\u00e7\u00e3o de partidos, ou pela aus\u00eancia de chapas de oposi\u00e7\u00e3o.<\/p>\n\n\n\n<p>O cientista pol\u00edtico, Nau\u00ea Bernardo, explica que essa condi\u00e7\u00e3o tamb\u00e9m pode se dar pelo fato de o munic\u00edpio ser pequeno, ter problemas administrativos relativamente menos complexos, e apenas uma pessoa esteja disposta a comandar o trabalho como prefeito da cidade.<\/p>\n\n\n\n<p>\u201cNesses casos, o prefeito acaba sendo aquela pessoa que vai realmente andar pelas cidades, por ela ser pequena, e resolver problemas at\u00e9 pessoalmente. \u00c9 uma l\u00f3gica bastante diferente nesses pequenos munic\u00edpios. Nesses casos, \u00e9 comum que exista apenas uma pessoa que queira fazer esse trabalho, que \u00e9 desgastante, cansativo, apesar de ser de uma forma diferente das que vemos nos grandes munic\u00edpios\u201d, destaca.<\/p>\n\n\n\n<p><strong><a href=\"https:\/\/divulgacandcontas.tse.jus.br\/divulga\/#\/\">DivulgaCandContas: Clique aqui para conhecer todos os candidatos \u00e0s Elei\u00e7\u00f5es 2020&nbsp;<\/a><\/strong><\/p>\n\n\n\n<p>Ainda segundo Nau\u00ea Bernardo, sem concorr\u00eancia no pleito, se a candidatura for homologada pela Justi\u00e7a Eleitoral, a computa\u00e7\u00e3o de um \u00fanico voto j\u00e1 garante a vit\u00f3ria a essas pessoas.<\/p>\n\n\n\n<p>\u201cSe ele tiver a maioria dos votos v\u00e1lidos, ele vai ganhar. Ent\u00e3o, n\u00e3o importa se houve uma margem de votos brancos e nulos muito alta e esse candidato recebeu poucos votos. Se ele teve a maioria dos votos, vai acabar assumindo essa prefeitura. A n\u00e3o ser que alguma situa\u00e7\u00e3o extraordin\u00e1ria se coloque, que haja uma impugna\u00e7\u00e3o, ou algo do tipo\u201d, esclarece o especialista. &nbsp;&nbsp;<\/p>\n\n\n\n<figure class=\"wp-block-image\"><img decoding=\"async\" src=\"\/\/s3-sa-east-1.amazonaws.com\/agencia-radio-arb\/3135\/content_municipios-prefeitos.png\" alt=\"\" title=\"Brasil 61\"\/><\/figure>\n\n\n\n<h2 class=\"wp-block-heading\">Sobre o dia da elei\u00e7\u00e3o<\/h2>\n\n\n\n<p>O primeiro turno das elei\u00e7\u00f5es 2020 deve ocorrer neste domingo (15). Nos entes em que houver segundo turno, a data da vota\u00e7\u00e3o \u00e9 29 de novembro. Por conta da pandemia do novo coronav\u00edrus, a Justi\u00e7a Eleitoral ampliou o hor\u00e1rio em que os cidad\u00e3os podem se deslocar at\u00e9 \u00e0s sess\u00f5es e votar.<\/p>\n\n\n\n<p>Os eleitores poder\u00e3o comparecer \u00e0s urnas de 7h \u00e0s 17h. Vale ressaltar que o per\u00edodo entre 7h e 10h \u00e9 preferencial, para pessoas com idade acima de 60 anos. O TSE tamb\u00e9m lembra que o voto \u00e9 obrigat\u00f3rio para brasileiros entre 18 e 70 anos de idade e facultativo para analfabetos e jovens entre 16 e 18 anos.<\/p>\n\n\n\n<p><a href=\"https:\/\/brasil61.com\/noticias\/projeto-eleicoes-do-futuro-sera-testado-em-tres-cidades-bras202567\"><strong>Projeto \u201cElei\u00e7\u00f5es do Futuro\u201d ser\u00e1 testado em tr\u00eas cidades<\/strong><\/a><\/p>\n\n\n\n<p><a href=\"https:\/\/brasil61.com\/noticias\/am-venda-de-bebidas-alcoolicas-sera-suspensa-no-sabado-14-bras202590\"><strong>AM: Venda de bebidas alco\u00f3licas ser\u00e1 suspensa no s\u00e1bado (14)<\/strong><\/a><\/p>\n\n\n\n<p><a href=\"https:\/\/brasil61.com\/noticias\/tse-informa-que-boletins-de-urna-serao-emitidos-no-fim-da-tarde-de-domingo-15-bras202592\"><strong>TSE informa que boletins de urna ser\u00e3o emitidos no fim da tarde de domingo (15)<\/strong><\/a><\/p>\n\n\n\n<p>No dia da elei\u00e7\u00e3o, ser\u00e1 permitida ao eleitor a manifesta\u00e7\u00e3o individual e silenciosa em rela\u00e7\u00e3o ao candidato de sua prefer\u00eancia, revelada exclusivamente pelo uso de bandeiras, broches, adesivos e camisetas. Al\u00e9m disso, ser\u00e1 poss\u00edvel levar para a cabine de vota\u00e7\u00e3o um lembrete com os n\u00fameros dos candidatos escolhidos.<\/p>\n\n\n\n<p>Por outro lado, ser\u00e1 proibida a divulga\u00e7\u00e3o de qualquer esp\u00e9cie de propaganda de partidos pol\u00edticos ou de seus candidatos. Tamb\u00e9m s\u00e3o vedados, at\u00e9 o t\u00e9rmino do hor\u00e1rio de vota\u00e7\u00e3o aglomera\u00e7\u00e3o de pessoas portando vestu\u00e1rio padronizado ou instrumentos de propaganda; caracteriza\u00e7\u00e3o de manifesta\u00e7\u00e3o coletiva, abordagem, aliciamento, utiliza\u00e7\u00e3o de m\u00e9todos de persuas\u00e3o ou convencimento; e distribui\u00e7\u00e3o de camisetas.<\/p>\n\n\n\n<p>Fonte: <a href=\"https:\/\/brasil61.com\/noticias\/eleicoes-2020-pelo-menos-113-municipios-terao-um-so-candidato-a-prefeito-bras202600?email=bethdeoliveira@yahoo.com.br&amp;utm_source=newsletter&amp;utm_medium=newsletter&amp;utm_campaign=newsletter\" target=\"_blank\" rel=\"noreferrer noopener\">Brasil 61<\/a><\/p>\n","protected":false},"excerpt":{"rendered":"<p>O cientista pol\u00edtico Nau\u00ea Bernardo explica que sem concorr\u00eancia no pleito, se a candidatura for<\/p>\n","protected":false},"author":2,"featured_media":5631,"comment_status":"open","ping_status":"open","sticky":false,"template":"","format":"standard","meta":{"footnotes":""},"categories":[15],"tags":[],"class_list":["post-5630","post","type-post","status-publish","format-standard","has-post-thumbnail","hentry","category-politica"],"_links":{"self":[{"href":"https:\/\/tvc16.com\/portal\/wp-json\/wp\/v2\/posts\/5630","targetHints":{"allow":["GET"]}}],"collection":[{"href":"https:\/\/tvc16.com\/portal\/wp-json\/wp\/v2\/posts"}],"about":[{"href":"https:\/\/tvc16.com\/portal\/wp-json\/wp\/v2\/types\/post"}],"author":[{"embeddable":true,"href":"https:\/\/tvc16.com\/portal\/wp-json\/wp\/v2\/users\/2"}],"replies":[{"embeddable":true,"href":"https:\/\/tvc16.com\/portal\/wp-json\/wp\/v2\/comments?post=5630"}],"version-history":[{"count":1,"href":"https:\/\/tvc16.com\/portal\/wp-json\/wp\/v2\/posts\/5630\/revisions"}],"predecessor-version":[{"id":5632,"href":"https:\/\/tvc16.com\/portal\/wp-json\/wp\/v2\/posts\/5630\/revisions\/5632"}],"wp:featuredmedia":[{"embeddable":true,"href":"https:\/\/tvc16.com\/portal\/wp-json\/wp\/v2\/media\/5631"}],"wp:attachment":[{"href":"https:\/\/tvc16.com\/portal\/wp-json\/wp\/v2\/media?parent=5630"}],"wp:term":[{"taxonomy":"category","embeddable":true,"href":"https:\/\/tvc16.com\/portal\/wp-json\/wp\/v2\/categories?post=5630"},{"taxonomy":"post_tag","embeddable":true,"href":"https:\/\/tvc16.com\/portal\/wp-json\/wp\/v2\/tags?post=5630"}],"curies":[{"name":"wp","href":"https:\/\/api.w.org\/{rel}","templated":true}]}}