{"id":5643,"date":"2020-11-14T12:15:20","date_gmt":"2020-11-14T15:15:20","guid":{"rendered":"https:\/\/tvc16.com\/portal\/?p=5643"},"modified":"2020-11-14T12:15:23","modified_gmt":"2020-11-14T15:15:23","slug":"casos-de-covid-19-batem-recorde-em-portugal","status":"publish","type":"post","link":"https:\/\/tvc16.com\/portal\/2020\/11\/14\/casos-de-covid-19-batem-recorde-em-portugal\/","title":{"rendered":"Casos de Covid-19 batem recorde em Portugal"},"content":{"rendered":"\n<h3 class=\"wp-block-heading\">N\u00famero de novas infec\u00e7\u00f5es passou de 200 mil nessa sexta-feira<\/h3>\n\n\n\n<ul class=\"wp-block-list\"><li><\/li><\/ul>\n\n\n\n<h4 class=\"wp-block-heading\">Por Catarina Demony &#8211; Rep\u00f3rter da Reuters &#8211; Lisboa<\/h4>\n\n\n\n<p>Os casos confirmados do novo&nbsp;coronav\u00edrus em Portugal passaram dos 200 mil nessa sexta-feira (13) e o n\u00famero de novas infec\u00e7\u00f5es di\u00e1rias atingiu alta recorde, aumentando a press\u00e3o sobre um sistema de sa\u00fade j\u00e1 fragilizado.<img decoding=\"async\" src=\"https:\/\/agenciabrasil.ebc.com.br\/ebc.png?id=1393203&amp;o=node\"><img decoding=\"async\" src=\"https:\/\/agenciabrasil.ebc.com.br\/ebc.gif?id=1393203&amp;o=node\"><\/p>\n\n\n\n<p>Um estado de emerg\u00eancia de \u00e2mbito nacional para combater a dissemina\u00e7\u00e3o do v\u00edrus entrou em vigor na segunda-feira (9) e deve durar ao menos at\u00e9 23 de novembro, mas provavelmente ser\u00e1 prorrogado.<\/p>\n\n\n\n<p>&#8220;Quando chegarmos ao pico da doen\u00e7a, levar\u00e1 semanas para ver uma queda na procura nos hospitais e ainda mais semanas para diminuir a conta de fatalidades&#8221;, disse a ministra da Sa\u00fade, Marta Temido, em entrevista coletiva.&nbsp;<\/p>\n\n\n\n<p>O pa\u00eds,de apenas 10 milh\u00f5es de habitantes, registrou n\u00fameros comparativamente baixos de 204.664 casos e 3.250 mortes, mas as infec\u00e7\u00f5es atingiram 6.653 casos no s\u00e1bado (7), a cifra di\u00e1ria mais alta desde o in\u00edcio da pandemia. A realiza\u00e7\u00e3o de exames tamb\u00e9m aumentou.<\/p>\n\n\n\n<p>A maioria dos casos se concentrou na Regi\u00e3o Norte.<\/p>\n\n\n\n<p>Os hospitais atingiram o novo recorde de 2.799 pacientes de covid-19 internados, sendo 388 em unidades de tratamento intensivo &#8211; mais do que o pico de 271 da primeira onda de abril.<\/p>\n\n\n\n<p>O sistema de sa\u00fade, que antes da pandemia tinha o menor n\u00famero de leitos de tratamento cr\u00edtico por 100 mil habitantes da Europa, consegue acomodar 800 pacientes de covid-19 em UTIs.<\/p>\n\n\n\n<p><em>*Reportagem adicional de Patricia Vicente Rua<\/em><\/p>\n","protected":false},"excerpt":{"rendered":"<p>N\u00famero de novas infec\u00e7\u00f5es passou de 200 mil nessa sexta-feira Por Catarina Demony &#8211; Rep\u00f3rter<\/p>\n","protected":false},"author":2,"featured_media":5644,"comment_status":"open","ping_status":"open","sticky":false,"template":"","format":"standard","meta":{"footnotes":""},"categories":[22],"tags":[],"class_list":["post-5643","post","type-post","status-publish","format-standard","has-post-thumbnail","hentry","category-internacional"],"_links":{"self":[{"href":"https:\/\/tvc16.com\/portal\/wp-json\/wp\/v2\/posts\/5643","targetHints":{"allow":["GET"]}}],"collection":[{"href":"https:\/\/tvc16.com\/portal\/wp-json\/wp\/v2\/posts"}],"about":[{"href":"https:\/\/tvc16.com\/portal\/wp-json\/wp\/v2\/types\/post"}],"author":[{"embeddable":true,"href":"https:\/\/tvc16.com\/portal\/wp-json\/wp\/v2\/users\/2"}],"replies":[{"embeddable":true,"href":"https:\/\/tvc16.com\/portal\/wp-json\/wp\/v2\/comments?post=5643"}],"version-history":[{"count":1,"href":"https:\/\/tvc16.com\/portal\/wp-json\/wp\/v2\/posts\/5643\/revisions"}],"predecessor-version":[{"id":5645,"href":"https:\/\/tvc16.com\/portal\/wp-json\/wp\/v2\/posts\/5643\/revisions\/5645"}],"wp:featuredmedia":[{"embeddable":true,"href":"https:\/\/tvc16.com\/portal\/wp-json\/wp\/v2\/media\/5644"}],"wp:attachment":[{"href":"https:\/\/tvc16.com\/portal\/wp-json\/wp\/v2\/media?parent=5643"}],"wp:term":[{"taxonomy":"category","embeddable":true,"href":"https:\/\/tvc16.com\/portal\/wp-json\/wp\/v2\/categories?post=5643"},{"taxonomy":"post_tag","embeddable":true,"href":"https:\/\/tvc16.com\/portal\/wp-json\/wp\/v2\/tags?post=5643"}],"curies":[{"name":"wp","href":"https:\/\/api.w.org\/{rel}","templated":true}]}}